{"id":3715,"date":"2026-03-22T18:01:24","date_gmt":"2026-03-22T18:01:24","guid":{"rendered":"https:\/\/educa.cedric-dupraz.ch\/?p=3715"},"modified":"2026-05-17T19:33:52","modified_gmt":"2026-05-17T19:33:52","slug":"ressources-sur-la-2nd-guerre-mondiale","status":"publish","type":"post","link":"https:\/\/educa.cedric-dupraz.ch\/?p=3715","title":{"rendered":"Ressources sur la 2nd Guerre mondiale"},"content":{"rendered":"\t\t<div data-elementor-type=\"wp-post\" data-elementor-id=\"3715\" class=\"elementor elementor-3715\">\n\t\t\t\t<div class=\"elementor-element elementor-element-7ecefed e-flex e-con-boxed e-con e-parent\" data-id=\"7ecefed\" data-element_type=\"container\" data-e-type=\"container\">\n\t\t\t\t\t<div class=\"e-con-inner\">\n\t\t\t\t<div class=\"elementor-element elementor-element-2554e66 elementor-widget elementor-widget-heading\" data-id=\"2554e66\" data-element_type=\"widget\" data-e-type=\"widget\" data-widget_type=\"heading.default\">\n\t\t\t\t\t<h2 class=\"elementor-heading-title elementor-size-default\">Qu'est-ce que la Seconde Guerre mondiale ?<\/h2>\t\t\t\t<\/div>\n\t\t\t\t\t<\/div>\n\t\t\t\t<\/div>\n\t\t<div class=\"elementor-element elementor-element-93f51df e-flex e-con-boxed e-con e-parent\" data-id=\"93f51df\" data-element_type=\"container\" data-e-type=\"container\">\n\t\t\t\t\t<div class=\"e-con-inner\">\n\t\t\t\t<div class=\"elementor-element elementor-element-4fbf5f3 elementor-widget elementor-widget-text-editor\" data-id=\"4fbf5f3\" data-element_type=\"widget\" data-e-type=\"widget\" data-widget_type=\"text-editor.default\">\n\t\t\t\t\t\t\t\t\t<ul><li><a href=\"https:\/\/fortitude-ww2.fr\/\">Fortitude-ww2.fr<\/a> : <span style=\"color: #ffcc99;\">site regroupant diff\u00e9rentes cartes interactives sur le d\u00e9veloppement du conflit.\u00a0<\/span><\/li><li><a href=\"https:\/\/www.google.com\/search?q=la+seconde+guerre+mondiale+rub&amp;sca_esv=e5620ef2793957f5&amp;biw=1366&amp;bih=607&amp;sxsrf=ANbL-n6M0KxoPPEfiiGMqctTfMf2JsWScA%3A1774202262922&amp;ei=li3AacL5N-WH9u8PhobtoAU&amp;ved=0ahUKEwjCnJC9irSTAxXlg_0HHQZDG1QQ4dUDCBE&amp;uact=5&amp;oq=la+seconde+guerre+mondiale+rub&amp;gs_lp=Egxnd3Mtd2l6LXNlcnAiHmxhIHNlY29uZGUgZ3VlcnJlIG1vbmRpYWxlIHJ1YjIFECEYoAEyBRAhGKABMgUQIRigATIFECEYoAFIxTxQ7BdYjztwAXgBkAEAmAHXAaAB4yCqAQYwLjI5LjG4AQPIAQD4AQGYAh-gArgjwgIKEAAYsAMY1gQYR8ICBBAjGCfCAgoQIxiABBgnGIoFwgINEAAYgAQYsQMYQxiKBcICEBAuGIAEGNEDGEMYxwEYigXCAgsQABiABBixAxiDAcICCxAuGIAEGLEDGIMBwgIOEC4YgAQYsQMY0QMYxwHCAggQABiABBixA8ICCxAuGIAEGNEDGMcBwgIQEC4YgAQYxwEYJxiKBRivAcICEBAjGPAFGIAEGCcYyQIYigXCAgoQABiABBhDGIoFwgITEC4YgAQYsQMY0QMYQxjHARiKBcICEBAuGIAEGLEDGEMYgwEYigXCAh0QLhiABBjHARiKBRivARiXBRjcBBjeBBjgBNgBAcICFhAuGIAEGLEDGNEDGEMYxwEYyQMYigXCAhAQABiABBixAxhDGIMBGIoFwgIOEAAYgAQYkgMYuAQYigXCAgsQABiABBiSAxiKBcICDRAjGPAFGIAEGCcYigXCAgoQLhiABBhDGIoFwgIFEAAYgATCAgUQLhiABMICEBAuGIAEGEMYxwEYigUYrwHCAgoQABiABBgUGIcCwgILEC4YgAQYxwEYrwHCAgYQABgWGB7CAgUQABjvBZgDAIgGAZAGCLoGBggBEAEYFJIHBjEuMjguMqAH5coCsgcGMC4yOC4yuAetI8IHCTAuMS4xMS4xOcgHkQKACAA&amp;sclient=gws-wiz-serp#fpstate=ive&amp;vld=cid:2f6de551,vid:ObXAMyBXvk0,st:0\"><em>Les ambitions allemandes<\/em>, Yannick Rub, 2020.\u00a0<\/a><\/li><li><a href=\"https:\/\/www.youtube.com\/watch?v=6Mognb6yM_s\"><em>Les Accords de Munich<\/em>, Yannick Rub, 2020.<\/a><\/li><li><a href=\"https:\/\/www.youtube.com\/watch?v=gtRkDWVISSc\"><em>La Seconde Guerre mondiale<\/em> : Je r\u00e9vise avec toi<\/a>, 2022 : <span style=\"color: #ffcc99;\">r\u00e9vision en quelques minutes de la 2nd Guerre, avec n\u00e9anmoins un point de vue fran\u00e7ais.\u00a0<\/span><\/li><li><a href=\"https:\/\/educa.cedric-dupraz.ch\/wp-content\/uploads\/2026\/04\/Paris-libere_Charles-De-Gaulle.mp4\"><em>Mar\u00e9chal, nous voil\u00e0<\/em>, Andr\u00e9 Dassary, 1941.<\/a><\/li><li><a href=\"https:\/\/educa.cedric-dupraz.ch\/wp-content\/uploads\/2026\/04\/Paris-libere_Charles-De-Gaulle.mp4\">Discours de Charles De Gaulle, Ina, 1945.\u00a0<\/a><\/li><li><a href=\"https:\/\/www.youtube.com\/watch?v=1X9SaI8R28Q\">Le Chant des partisans, Anne Marly.<\/a><\/li><li><a href=\"https:\/\/www.youtube.com\/watch?v=TkWL2NXD8oI\">Le Chant des partisans, Stentor (reprise), 2025.\u00a0<\/a><\/li><\/ul>\t\t\t\t\t\t\t\t<\/div>\n\t\t\t\t\t<\/div>\n\t\t\t\t<\/div>\n\t\t<div class=\"elementor-element elementor-element-53e5e2a e-flex e-con-boxed e-con e-parent\" data-id=\"53e5e2a\" data-element_type=\"container\" data-e-type=\"container\">\n\t\t\t\t\t<div class=\"e-con-inner\">\n\t\t\t\t<div class=\"elementor-element elementor-element-4987618 elementor-widget elementor-widget-heading\" data-id=\"4987618\" data-element_type=\"widget\" data-e-type=\"widget\" data-widget_type=\"heading.default\">\n\t\t\t\t\t<h2 class=\"elementor-heading-title elementor-size-default\">Que sont les crimes contre l'Humanit\u00e9 ?<\/h2>\t\t\t\t<\/div>\n\t\t\t\t\t<\/div>\n\t\t\t\t<\/div>\n\t\t<div class=\"elementor-element elementor-element-010e2dd e-flex e-con-boxed e-con e-parent\" data-id=\"010e2dd\" data-element_type=\"container\" data-e-type=\"container\">\n\t\t\t\t\t<div class=\"e-con-inner\">\n\t\t\t\t<div class=\"elementor-element elementor-element-39492c6 elementor-widget elementor-widget-text-editor\" data-id=\"39492c6\" data-element_type=\"widget\" data-e-type=\"widget\" data-widget_type=\"text-editor.default\">\n\t\t\t\t\t\t\t\t\t<ul><li><a href=\"https:\/\/www.youtube.com\/watch?v=UqSSok92nMs\"><em>Les Complices d&rsquo;Hitler : Himmler, l&rsquo;ex\u00e9cuteur<\/em>, ARTE, 1996.\u00a0<\/a><\/li><li><a href=\"https:\/\/educa.cedric-dupraz.ch\/wp-content\/uploads\/2026\/04\/La-Liberation-dAuschwitz_Le-Monde_27-janvier-2025.mp4\"><em>La Lib\u00e9ration d&rsquo;Auschwitz<\/em>, le Monde, 27 janvier 2025.<\/a><\/li><li><a href=\"https:\/\/www.youtube.com\/watch?v=KK6OVgKTVo0\"><em>I comme Icare : l&rsquo;exp\u00e9rience de Milgram racont\u00e9 par Henri Verneuil<\/em><\/a>, 2024.\u00a0<\/li><li><a href=\"https:\/\/educa.cedric-dupraz.ch\/wp-content\/uploads\/2026\/04\/Auschwitz_La-memoire-dun-lieu_2003.mp4\"><em>Auschwitz, la M\u00e9moire d&rsquo;un lieu<\/em>, Ina, 2003.<\/a><\/li><li><a href=\"https:\/\/www.youtube.com\/watch?v=15RVvfimxws\"><em>Nuit et Brouillard<\/em>, Jean Ferrat, Musiclips, 2024.<\/a><\/li><li><a href=\"https:\/\/enseignants.lumni.fr\/fiche-media\/00000004358\/retrospective-sur-le-journal-d-anne-frank-a-l-occasion-des-60-ans-de-la-liberation-des-camps.html\"><em>R\u00e9trospective sur le Journal d&rsquo;Anne Franck<\/em>, Lumni, 2005.<\/a><\/li><li><a href=\"https:\/\/www.ina.fr\/ina-eclaire-actu\/video\/afe85009063\/eichmann-devant-ses-juges\"><em>Eichmann devant ses juges<\/em>, archive Ina, 1961.<\/a><\/li><li><a href=\"https:\/\/www.youtube.com\/shorts\/lTh0AjFj-ug\"><em>La banalit\u00e9 du Mal d&rsquo;Hannah Arendt<\/em>, Le Pr\u00e9cepteur, 2026.<\/a><\/li><\/ul>\t\t\t\t\t\t\t\t<\/div>\n\t\t\t\t\t<\/div>\n\t\t\t\t<\/div>\n\t\t<div class=\"elementor-element elementor-element-81a90b0 e-flex e-con-boxed e-con e-parent\" data-id=\"81a90b0\" data-element_type=\"container\" data-e-type=\"container\">\n\t\t\t\t\t<div class=\"e-con-inner\">\n\t\t\t\t<div class=\"elementor-element elementor-element-8761fd4 elementor-widget elementor-widget-heading\" data-id=\"8761fd4\" data-element_type=\"widget\" data-e-type=\"widget\" data-widget_type=\"heading.default\">\n\t\t\t\t\t<h2 class=\"elementor-heading-title elementor-size-default\">Que sont les cons\u00e9quences de la 2nd Guerre mondiale ?<\/h2>\t\t\t\t<\/div>\n\t\t\t\t\t<\/div>\n\t\t\t\t<\/div>\n\t\t<div class=\"elementor-element elementor-element-03d87df e-flex e-con-boxed e-con e-parent\" data-id=\"03d87df\" data-element_type=\"container\" data-e-type=\"container\">\n\t\t\t\t\t<div class=\"e-con-inner\">\n\t\t\t\t<div class=\"elementor-element elementor-element-6517468 elementor-widget elementor-widget-text-editor\" data-id=\"6517468\" data-element_type=\"widget\" data-e-type=\"widget\" data-widget_type=\"text-editor.default\">\n\t\t\t\t\t\t\t\t\t<ul><li><a href=\"https:\/\/www.youtube.com\/watch?v=-R-raZ0ev9k\"><em>1945 : Conf\u00e9rence de Yalta<\/em>, Aleph99, 2018.<\/a><\/li><li><a href=\"https:\/\/www.bing.com\/videos\/riverview\/relatedvideo?q=yannick+rub+guerre+mondiale&amp;mid=C44CCBF2579859070957C44CCBF2579859070957&amp;churl=https%3a%2f%2fwww.youtube.com%2fchannel%2fUCn-moq5Xor5noiU4RV7s5-A&amp;FORM=VIRE\"><em>Le Bilan de la Seconde Guerre mondiale<\/em>, Yannick Rub, 2020.<\/a><\/li><li><a href=\"https:\/\/www.letemps.ch\/videos\/entretemps\/droit-vote-long-combat-suissesses\"><em>Droit de vote : le long combat des Suissesses<\/em>, Le Temps, 2022.<\/a><\/li><\/ul>\t\t\t\t\t\t\t\t<\/div>\n\t\t\t\t\t<\/div>\n\t\t\t\t<\/div>\n\t\t<div class=\"elementor-element elementor-element-0e55289 e-flex e-con-boxed e-con e-parent\" data-id=\"0e55289\" data-element_type=\"container\" data-e-type=\"container\">\n\t\t\t\t\t<div class=\"e-con-inner\">\n\t\t\t\t\t<\/div>\n\t\t\t\t<\/div>\n\t\t\t\t<\/div>\n\t\t","protected":false},"excerpt":{"rendered":"<p>Qu&rsquo;est-ce que la Seconde Guerre mondiale ? Fortitude-ww2.fr : site regroupant diff\u00e9rentes cartes interactives sur le d\u00e9veloppement du conflit.\u00a0 Les ambitions allemandes, Yannick Rub, 2020.\u00a0 Les Accords de Munich, Yannick Rub, 2020. La Seconde Guerre mondiale : Je r\u00e9vise avec toi, 2022 : r\u00e9vision en quelques minutes de la 2nd Guerre, avec n\u00e9anmoins un point [&hellip;]<\/p>\n","protected":false},"author":2,"featured_media":0,"comment_status":"open","ping_status":"open","sticky":false,"template":"","format":"standard","meta":{"om_disable_all_campaigns":false,"_monsterinsights_skip_tracking":false,"ngg_post_thumbnail":0,"ocean_front_end_style_editor":"no","ocean_post_layout":"full-width","ocean_both_sidebars_style":"","ocean_both_sidebars_content_width":0,"ocean_both_sidebars_sidebars_width":0,"ocean_sidebar":"0","ocean_second_sidebar":"0","ocean_disable_margins":"enable","ocean_add_body_class":"","ocean_shortcode_before_top_bar":"","ocean_shortcode_after_top_bar":"","ocean_shortcode_before_header":"","ocean_shortcode_after_header":"","ocean_has_shortcode":"","ocean_shortcode_after_title":"","ocean_shortcode_before_footer_widgets":"","ocean_shortcode_after_footer_widgets":"","ocean_shortcode_before_footer_bottom":"","ocean_shortcode_after_footer_bottom":"","ocean_display_top_bar":"off","ocean_display_header":"default","ocean_header_style":"","ocean_center_header_left_menu":"0","ocean_custom_header_template":"0","ocean_custom_logo":935,"ocean_custom_retina_logo":0,"ocean_custom_logo_max_width":0,"ocean_custom_logo_tablet_max_width":0,"ocean_custom_logo_mobile_max_width":0,"ocean_custom_logo_max_height":0,"ocean_custom_logo_tablet_max_height":0,"ocean_custom_logo_mobile_max_height":0,"ocean_header_custom_menu":"0","ocean_menu_typo_font_family":"0","ocean_menu_typo_font_subset":"","ocean_menu_typo_font_size":0,"ocean_menu_typo_font_size_tablet":0,"ocean_menu_typo_font_size_mobile":0,"ocean_menu_typo_font_size_unit":"px","ocean_menu_typo_font_weight":"","ocean_menu_typo_font_weight_tablet":"","ocean_menu_typo_font_weight_mobile":"","ocean_menu_typo_transform":"","ocean_menu_typo_transform_tablet":"","ocean_menu_typo_transform_mobile":"","ocean_menu_typo_line_height":0,"ocean_menu_typo_line_height_tablet":0,"ocean_menu_typo_line_height_mobile":0,"ocean_menu_typo_line_height_unit":"","ocean_menu_typo_spacing":0,"ocean_menu_typo_spacing_tablet":0,"ocean_menu_typo_spacing_mobile":0,"ocean_menu_typo_spacing_unit":"","ocean_menu_link_color":"","ocean_menu_link_color_hover":"","ocean_menu_link_color_active":"","ocean_menu_link_background":"","ocean_menu_link_hover_background":"","ocean_menu_link_active_background":"","ocean_menu_social_links_bg":"","ocean_menu_social_hover_links_bg":"","ocean_menu_social_links_color":"#000000","ocean_menu_social_hover_links_color":"","ocean_disable_title":"on","ocean_disable_heading":"default","ocean_post_title":"","ocean_post_subheading":"","ocean_post_title_style":"","ocean_post_title_background_color":"","ocean_post_title_background":0,"ocean_post_title_bg_image_position":"","ocean_post_title_bg_image_attachment":"","ocean_post_title_bg_image_repeat":"","ocean_post_title_bg_image_size":"","ocean_post_title_height":0,"ocean_post_title_bg_overlay":0.5,"ocean_post_title_bg_overlay_color":"","ocean_disable_breadcrumbs":"default","ocean_breadcrumbs_color":"","ocean_breadcrumbs_separator_color":"","ocean_breadcrumbs_links_color":"","ocean_breadcrumbs_links_hover_color":"","ocean_display_footer_widgets":"default","ocean_display_footer_bottom":"default","ocean_custom_footer_template":"0","ocean_post_oembed":"","ocean_post_self_hosted_media":"","ocean_post_video_embed":"","ocean_link_format":"","ocean_link_format_target":"self","ocean_quote_format":"","ocean_quote_format_link":"post","ocean_gallery_link_images":"off","ocean_gallery_id":[],"footnotes":""},"categories":[2],"tags":[4],"class_list":["post-3715","post","type-post","status-publish","format-standard","hentry","category-tricks","tag-tricks","entry"],"aioseo_notices":[],"aioseo_head":"\n\t\t<!-- All in One SEO 5.0.1.1 - aioseo.com -->\n\t<meta name=\"description\" content=\"Qu&#039;est-ce que la Seconde Guerre mondiale ? Fortitude-ww2.fr : site regroupant diff\u00e9rentes cartes interactives sur le d\u00e9veloppement du conflit. Les ambitions allemandes, Yannick Rub, 2020. Les Accords de Munich, Yannick Rub, 2020.La Seconde Guerre mondiale : Je r\u00e9vise avec toi, 2022 : r\u00e9vision en quelques minutes de la 2nd Guerre, avec n\u00e9anmoins un point de vue fran\u00e7ais. Mar\u00e9chal,\" \/>\n\t<meta name=\"robots\" content=\"max-image-preview:large\" \/>\n\t<meta name=\"author\" content=\"Dudu2020\"\/>\n\t<meta name=\"google-site-verification\" content=\"7bxG99gel-32J06cJr-ZTYv6crOv-lwVVid-3DJwy2I\" \/>\n\t<link rel=\"canonical\" href=\"https:\/\/educa.cedric-dupraz.ch\/?p=3715\" \/>\n\t<meta name=\"generator\" content=\"All in One SEO (AIOSEO) 5.0.1.1\" \/>\n\t\t<meta property=\"og:locale\" content=\"fr_FR\" \/>\n\t\t<meta property=\"og:site_name\" content=\"\u00c9ducation -\" \/>\n\t\t<meta property=\"og:type\" content=\"article\" \/>\n\t\t<meta property=\"og:title\" content=\"Ressources sur la 2nd Guerre mondiale - \u00c9ducation\" \/>\n\t\t<meta property=\"og:description\" content=\"Qu&#039;est-ce que la Seconde Guerre mondiale ? Fortitude-ww2.fr : site regroupant diff\u00e9rentes cartes interactives sur le d\u00e9veloppement du conflit. Les ambitions allemandes, Yannick Rub, 2020. Les Accords de Munich, Yannick Rub, 2020.La Seconde Guerre mondiale : Je r\u00e9vise avec toi, 2022 : r\u00e9vision en quelques minutes de la 2nd Guerre, avec n\u00e9anmoins un point de vue fran\u00e7ais. Mar\u00e9chal,\" \/>\n\t\t<meta property=\"og:url\" content=\"https:\/\/educa.cedric-dupraz.ch\/?p=3715\" \/>\n\t\t<meta property=\"og:image\" content=\"https:\/\/educa.cedric-dupraz.ch\/wp-content\/uploads\/2025\/07\/logo-site.png\" \/>\n\t\t<meta property=\"og:image:secure_url\" content=\"https:\/\/educa.cedric-dupraz.ch\/wp-content\/uploads\/2025\/07\/logo-site.png\" \/>\n\t\t<meta property=\"article:published_time\" content=\"2026-03-22T18:01:24+00:00\" \/>\n\t\t<meta property=\"article:modified_time\" content=\"2026-05-17T19:33:52+00:00\" \/>\n\t\t<meta name=\"twitter:card\" content=\"summary_large_image\" \/>\n\t\t<meta name=\"twitter:title\" content=\"Ressources sur la 2nd Guerre mondiale - \u00c9ducation\" \/>\n\t\t<meta name=\"twitter:description\" content=\"Qu&#039;est-ce que la Seconde Guerre mondiale ? Fortitude-ww2.fr : site regroupant diff\u00e9rentes cartes interactives sur le d\u00e9veloppement du conflit. Les ambitions allemandes, Yannick Rub, 2020. Les Accords de Munich, Yannick Rub, 2020.La Seconde Guerre mondiale : Je r\u00e9vise avec toi, 2022 : r\u00e9vision en quelques minutes de la 2nd Guerre, avec n\u00e9anmoins un point de vue fran\u00e7ais. Mar\u00e9chal,\" \/>\n\t\t<meta name=\"twitter:image\" content=\"https:\/\/educa.cedric-dupraz.ch\/wp-content\/uploads\/2025\/07\/logo-site.png\" \/>\n\t\t<script type=\"application\/ld+json\" class=\"aioseo-schema\">\n\t\t\t{\"@context\":\"https:\\\/\\\/schema.org\",\"@graph\":[{\"@type\":\"BlogPosting\",\"@id\":\"https:\\\/\\\/educa.cedric-dupraz.ch\\\/?p=3715#blogposting\",\"name\":\"Ressources sur la 2nd Guerre mondiale - \\u00c9ducation\",\"headline\":\"Ressources sur la 2nd Guerre mondiale\",\"author\":{\"@id\":\"https:\\\/\\\/educa.cedric-dupraz.ch\\\/?author=2#author\"},\"publisher\":{\"@id\":\"https:\\\/\\\/educa.cedric-dupraz.ch\\\/#organization\"},\"image\":{\"@type\":\"ImageObject\",\"url\":\"https:\\\/\\\/educa.cedric-dupraz.ch\\\/wp-content\\\/uploads\\\/2025\\\/07\\\/logo-site.png\",\"@id\":\"https:\\\/\\\/educa.cedric-dupraz.ch\\\/#articleImage\",\"width\":127,\"height\":29},\"datePublished\":\"2026-03-22T18:01:24+00:00\",\"dateModified\":\"2026-05-17T19:33:52+00:00\",\"inLanguage\":\"fr-FR\",\"mainEntityOfPage\":{\"@id\":\"https:\\\/\\\/educa.cedric-dupraz.ch\\\/?p=3715#webpage\"},\"isPartOf\":{\"@id\":\"https:\\\/\\\/educa.cedric-dupraz.ch\\\/?p=3715#webpage\"},\"articleSection\":\"Tricks, Tricks\"},{\"@type\":\"BreadcrumbList\",\"@id\":\"https:\\\/\\\/educa.cedric-dupraz.ch\\\/?p=3715#breadcrumblist\",\"itemListElement\":[{\"@type\":\"ListItem\",\"@id\":\"https:\\\/\\\/educa.cedric-dupraz.ch#listItem\",\"position\":1,\"name\":\"Home\",\"item\":\"https:\\\/\\\/educa.cedric-dupraz.ch\",\"nextItem\":{\"@type\":\"ListItem\",\"@id\":\"https:\\\/\\\/educa.cedric-dupraz.ch\\\/?cat=2#listItem\",\"name\":\"Tricks\"}},{\"@type\":\"ListItem\",\"@id\":\"https:\\\/\\\/educa.cedric-dupraz.ch\\\/?cat=2#listItem\",\"position\":2,\"name\":\"Tricks\",\"item\":\"https:\\\/\\\/educa.cedric-dupraz.ch\\\/?cat=2\",\"nextItem\":{\"@type\":\"ListItem\",\"@id\":\"https:\\\/\\\/educa.cedric-dupraz.ch\\\/?p=3715#listItem\",\"name\":\"Ressources sur la 2nd Guerre mondiale\"},\"previousItem\":{\"@type\":\"ListItem\",\"@id\":\"https:\\\/\\\/educa.cedric-dupraz.ch#listItem\",\"name\":\"Home\"}},{\"@type\":\"ListItem\",\"@id\":\"https:\\\/\\\/educa.cedric-dupraz.ch\\\/?p=3715#listItem\",\"position\":3,\"name\":\"Ressources sur la 2nd Guerre mondiale\",\"previousItem\":{\"@type\":\"ListItem\",\"@id\":\"https:\\\/\\\/educa.cedric-dupraz.ch\\\/?cat=2#listItem\",\"name\":\"Tricks\"}}]},{\"@type\":\"Organization\",\"@id\":\"https:\\\/\\\/educa.cedric-dupraz.ch\\\/#organization\",\"name\":\"\\u00c9ducation\",\"url\":\"https:\\\/\\\/educa.cedric-dupraz.ch\\\/\",\"logo\":{\"@type\":\"ImageObject\",\"url\":\"https:\\\/\\\/educa.cedric-dupraz.ch\\\/wp-content\\\/uploads\\\/2025\\\/07\\\/logo-site.png\",\"@id\":\"https:\\\/\\\/educa.cedric-dupraz.ch\\\/?p=3715\\\/#organizationLogo\",\"width\":127,\"height\":29},\"image\":{\"@id\":\"https:\\\/\\\/educa.cedric-dupraz.ch\\\/?p=3715\\\/#organizationLogo\"}},{\"@type\":\"Person\",\"@id\":\"https:\\\/\\\/educa.cedric-dupraz.ch\\\/?author=2#author\",\"url\":\"https:\\\/\\\/educa.cedric-dupraz.ch\\\/?author=2\",\"name\":\"Dudu2020\",\"image\":{\"@type\":\"ImageObject\",\"@id\":\"https:\\\/\\\/educa.cedric-dupraz.ch\\\/?p=3715#authorImage\",\"url\":\"https:\\\/\\\/secure.gravatar.com\\\/avatar\\\/24f762468b417704611fc93ea8c3d296715673199f0f3b5d561cb850e6cc9f2f?s=96&d=mm&r=g\",\"width\":96,\"height\":96,\"caption\":\"Dudu2020\"}},{\"@type\":\"WebPage\",\"@id\":\"https:\\\/\\\/educa.cedric-dupraz.ch\\\/?p=3715#webpage\",\"url\":\"https:\\\/\\\/educa.cedric-dupraz.ch\\\/?p=3715\",\"name\":\"Ressources sur la 2nd Guerre mondiale - \\u00c9ducation\",\"description\":\"Qu'est-ce que la Seconde Guerre mondiale ? Fortitude-ww2.fr : site regroupant diff\\u00e9rentes cartes interactives sur le d\\u00e9veloppement du conflit. Les ambitions allemandes, Yannick Rub, 2020. Les Accords de Munich, Yannick Rub, 2020.La Seconde Guerre mondiale : Je r\\u00e9vise avec toi, 2022 : r\\u00e9vision en quelques minutes de la 2nd Guerre, avec n\\u00e9anmoins un point de vue fran\\u00e7ais. Mar\\u00e9chal,\",\"inLanguage\":\"fr-FR\",\"isPartOf\":{\"@id\":\"https:\\\/\\\/educa.cedric-dupraz.ch\\\/#website\"},\"breadcrumb\":{\"@id\":\"https:\\\/\\\/educa.cedric-dupraz.ch\\\/?p=3715#breadcrumblist\"},\"author\":{\"@id\":\"https:\\\/\\\/educa.cedric-dupraz.ch\\\/?author=2#author\"},\"creator\":{\"@id\":\"https:\\\/\\\/educa.cedric-dupraz.ch\\\/?author=2#author\"},\"datePublished\":\"2026-03-22T18:01:24+00:00\",\"dateModified\":\"2026-05-17T19:33:52+00:00\"},{\"@type\":\"WebSite\",\"@id\":\"https:\\\/\\\/educa.cedric-dupraz.ch\\\/#website\",\"url\":\"https:\\\/\\\/educa.cedric-dupraz.ch\\\/\",\"name\":\"\\u00c9ducation\",\"inLanguage\":\"fr-FR\",\"publisher\":{\"@id\":\"https:\\\/\\\/educa.cedric-dupraz.ch\\\/#organization\"}}]}\n\t\t<\/script>\n\t\t<!-- All in One SEO -->\n\n","aioseo_head_json":{"title":"Ressources sur la 2nd Guerre mondiale - \u00c9ducation","description":"Qu'est-ce que la Seconde Guerre mondiale ? Fortitude-ww2.fr : site regroupant diff\u00e9rentes cartes interactives sur le d\u00e9veloppement du conflit. Les ambitions allemandes, Yannick Rub, 2020. Les Accords de Munich, Yannick Rub, 2020.La Seconde Guerre mondiale : Je r\u00e9vise avec toi, 2022 : r\u00e9vision en quelques minutes de la 2nd Guerre, avec n\u00e9anmoins un point de vue fran\u00e7ais. Mar\u00e9chal,","canonical_url":"https:\/\/educa.cedric-dupraz.ch\/?p=3715","robots":"max-image-preview:large","keywords":"","webmasterTools":{"google-site-verification":"7bxG99gel-32J06cJr-ZTYv6crOv-lwVVid-3DJwy2I","miscellaneous":""},"schema":{"@context":"https:\/\/schema.org","@graph":[{"@type":"BlogPosting","@id":"https:\/\/educa.cedric-dupraz.ch\/?p=3715#blogposting","name":"Ressources sur la 2nd Guerre mondiale - \u00c9ducation","headline":"Ressources sur la 2nd Guerre mondiale","author":{"@id":"https:\/\/educa.cedric-dupraz.ch\/?author=2#author"},"publisher":{"@id":"https:\/\/educa.cedric-dupraz.ch\/#organization"},"image":{"@type":"ImageObject","url":"https:\/\/educa.cedric-dupraz.ch\/wp-content\/uploads\/2025\/07\/logo-site.png","@id":"https:\/\/educa.cedric-dupraz.ch\/#articleImage","width":127,"height":29},"datePublished":"2026-03-22T18:01:24+00:00","dateModified":"2026-05-17T19:33:52+00:00","inLanguage":"fr-FR","mainEntityOfPage":{"@id":"https:\/\/educa.cedric-dupraz.ch\/?p=3715#webpage"},"isPartOf":{"@id":"https:\/\/educa.cedric-dupraz.ch\/?p=3715#webpage"},"articleSection":"Tricks, Tricks"},{"@type":"BreadcrumbList","@id":"https:\/\/educa.cedric-dupraz.ch\/?p=3715#breadcrumblist","itemListElement":[{"@type":"ListItem","@id":"https:\/\/educa.cedric-dupraz.ch#listItem","position":1,"name":"Home","item":"https:\/\/educa.cedric-dupraz.ch","nextItem":{"@type":"ListItem","@id":"https:\/\/educa.cedric-dupraz.ch\/?cat=2#listItem","name":"Tricks"}},{"@type":"ListItem","@id":"https:\/\/educa.cedric-dupraz.ch\/?cat=2#listItem","position":2,"name":"Tricks","item":"https:\/\/educa.cedric-dupraz.ch\/?cat=2","nextItem":{"@type":"ListItem","@id":"https:\/\/educa.cedric-dupraz.ch\/?p=3715#listItem","name":"Ressources sur la 2nd Guerre mondiale"},"previousItem":{"@type":"ListItem","@id":"https:\/\/educa.cedric-dupraz.ch#listItem","name":"Home"}},{"@type":"ListItem","@id":"https:\/\/educa.cedric-dupraz.ch\/?p=3715#listItem","position":3,"name":"Ressources sur la 2nd Guerre mondiale","previousItem":{"@type":"ListItem","@id":"https:\/\/educa.cedric-dupraz.ch\/?cat=2#listItem","name":"Tricks"}}]},{"@type":"Organization","@id":"https:\/\/educa.cedric-dupraz.ch\/#organization","name":"\u00c9ducation","url":"https:\/\/educa.cedric-dupraz.ch\/","logo":{"@type":"ImageObject","url":"https:\/\/educa.cedric-dupraz.ch\/wp-content\/uploads\/2025\/07\/logo-site.png","@id":"https:\/\/educa.cedric-dupraz.ch\/?p=3715\/#organizationLogo","width":127,"height":29},"image":{"@id":"https:\/\/educa.cedric-dupraz.ch\/?p=3715\/#organizationLogo"}},{"@type":"Person","@id":"https:\/\/educa.cedric-dupraz.ch\/?author=2#author","url":"https:\/\/educa.cedric-dupraz.ch\/?author=2","name":"Dudu2020","image":{"@type":"ImageObject","@id":"https:\/\/educa.cedric-dupraz.ch\/?p=3715#authorImage","url":"https:\/\/secure.gravatar.com\/avatar\/24f762468b417704611fc93ea8c3d296715673199f0f3b5d561cb850e6cc9f2f?s=96&d=mm&r=g","width":96,"height":96,"caption":"Dudu2020"}},{"@type":"WebPage","@id":"https:\/\/educa.cedric-dupraz.ch\/?p=3715#webpage","url":"https:\/\/educa.cedric-dupraz.ch\/?p=3715","name":"Ressources sur la 2nd Guerre mondiale - \u00c9ducation","description":"Qu'est-ce que la Seconde Guerre mondiale ? Fortitude-ww2.fr : site regroupant diff\u00e9rentes cartes interactives sur le d\u00e9veloppement du conflit. Les ambitions allemandes, Yannick Rub, 2020. Les Accords de Munich, Yannick Rub, 2020.La Seconde Guerre mondiale : Je r\u00e9vise avec toi, 2022 : r\u00e9vision en quelques minutes de la 2nd Guerre, avec n\u00e9anmoins un point de vue fran\u00e7ais. Mar\u00e9chal,","inLanguage":"fr-FR","isPartOf":{"@id":"https:\/\/educa.cedric-dupraz.ch\/#website"},"breadcrumb":{"@id":"https:\/\/educa.cedric-dupraz.ch\/?p=3715#breadcrumblist"},"author":{"@id":"https:\/\/educa.cedric-dupraz.ch\/?author=2#author"},"creator":{"@id":"https:\/\/educa.cedric-dupraz.ch\/?author=2#author"},"datePublished":"2026-03-22T18:01:24+00:00","dateModified":"2026-05-17T19:33:52+00:00"},{"@type":"WebSite","@id":"https:\/\/educa.cedric-dupraz.ch\/#website","url":"https:\/\/educa.cedric-dupraz.ch\/","name":"\u00c9ducation","inLanguage":"fr-FR","publisher":{"@id":"https:\/\/educa.cedric-dupraz.ch\/#organization"}}]},"og:locale":"fr_FR","og:site_name":"\u00c9ducation -","og:type":"article","og:title":"Ressources sur la 2nd Guerre mondiale - \u00c9ducation","og:description":"Qu'est-ce que la Seconde Guerre mondiale ? Fortitude-ww2.fr : site regroupant diff\u00e9rentes cartes interactives sur le d\u00e9veloppement du conflit. Les ambitions allemandes, Yannick Rub, 2020. Les Accords de Munich, Yannick Rub, 2020.La Seconde Guerre mondiale : Je r\u00e9vise avec toi, 2022 : r\u00e9vision en quelques minutes de la 2nd Guerre, avec n\u00e9anmoins un point de vue fran\u00e7ais. Mar\u00e9chal,","og:url":"https:\/\/educa.cedric-dupraz.ch\/?p=3715","og:image":"https:\/\/educa.cedric-dupraz.ch\/wp-content\/uploads\/2025\/07\/logo-site.png","og:image:secure_url":"https:\/\/educa.cedric-dupraz.ch\/wp-content\/uploads\/2025\/07\/logo-site.png","article:published_time":"2026-03-22T18:01:24+00:00","article:modified_time":"2026-05-17T19:33:52+00:00","twitter:card":"summary_large_image","twitter:title":"Ressources sur la 2nd Guerre mondiale - \u00c9ducation","twitter:description":"Qu'est-ce que la Seconde Guerre mondiale ? Fortitude-ww2.fr : site regroupant diff\u00e9rentes cartes interactives sur le d\u00e9veloppement du conflit. Les ambitions allemandes, Yannick Rub, 2020. Les Accords de Munich, Yannick Rub, 2020.La Seconde Guerre mondiale : Je r\u00e9vise avec toi, 2022 : r\u00e9vision en quelques minutes de la 2nd Guerre, avec n\u00e9anmoins un point de vue fran\u00e7ais. Mar\u00e9chal,","twitter:image":"https:\/\/educa.cedric-dupraz.ch\/wp-content\/uploads\/2025\/07\/logo-site.png"},"aioseo_meta_data":{"post_id":"3715","title":null,"description":null,"keywords":null,"keyphrases":{"focus":[],"additional":[]},"primary_term":null,"canonical_url":null,"og_title":null,"og_description":null,"og_object_type":"default","og_image_type":"default","og_image_url":null,"og_image_width":null,"og_image_height":null,"og_image_custom_url":null,"og_image_custom_fields":null,"og_video":"","og_custom_url":null,"og_article_section":null,"og_article_tags":null,"twitter_use_og":false,"twitter_card":"default","twitter_image_type":"default","twitter_image_url":null,"twitter_image_custom_url":null,"twitter_image_custom_fields":null,"twitter_title":null,"twitter_description":null,"schema":{"blockGraphs":[],"customGraphs":[],"default":{"data":{"Article":[],"Course":[],"Dataset":[],"FAQPage":[],"Movie":[],"Person":[],"Product":[],"ProductReview":[],"Car":[],"Recipe":[],"Service":[],"SoftwareApplication":[],"WebPage":[]},"graphName":"BlogPosting","isEnabled":true},"graphs":[]},"schema_type":"default","schema_type_options":null,"pillar_content":false,"robots_default":true,"robots_noindex":false,"robots_noarchive":false,"robots_nosnippet":false,"robots_nofollow":false,"robots_noimageindex":false,"robots_noodp":false,"robots_notranslate":false,"robots_max_snippet":"-1","robots_max_videopreview":"-1","robots_max_imagepreview":"large","priority":null,"frequency":"default","local_seo":null,"breadcrumb_settings":null,"limit_modified_date":false,"ai":{"faqs":[],"keyPoints":[],"titles":[],"descriptions":[],"socialPosts":{"email":[],"linkedin":[],"twitter":[],"facebook":[],"instagram":[]}},"created":"2026-03-22 18:01:27","updated":"2026-08-31 16:55:45","seo_analyzer_scan_date":null,"focus_keyword":null,"additional_keywords":null,"truseo_locale":null},"aioseo_breadcrumb":"<div class=\"aioseo-breadcrumbs\"><span class=\"aioseo-breadcrumb\">\n\t\t\t<a href=\"https:\/\/educa.cedric-dupraz.ch\" title=\"Home\">Home<\/a>\n\t\t<\/span><span class=\"aioseo-breadcrumb-separator\">&raquo;<\/span><span class=\"aioseo-breadcrumb\">\n\t\t\t<a href=\"https:\/\/educa.cedric-dupraz.ch\/?cat=2\" title=\"Tricks\">Tricks<\/a>\n\t\t<\/span><span class=\"aioseo-breadcrumb-separator\">&raquo;<\/span><span class=\"aioseo-breadcrumb\">\n\t\t\tRessources sur la 2nd Guerre mondiale\n\t\t<\/span><\/div>","aioseo_breadcrumb_json":[{"label":"Home","link":"https:\/\/educa.cedric-dupraz.ch"},{"label":"Tricks","link":"https:\/\/educa.cedric-dupraz.ch\/?cat=2"},{"label":"Ressources sur la 2nd Guerre mondiale","link":"https:\/\/educa.cedric-dupraz.ch\/?p=3715"}],"_links":{"self":[{"href":"https:\/\/educa.cedric-dupraz.ch\/index.php?rest_route=\/wp\/v2\/posts\/3715","targetHints":{"allow":["GET"]}}],"collection":[{"href":"https:\/\/educa.cedric-dupraz.ch\/index.php?rest_route=\/wp\/v2\/posts"}],"about":[{"href":"https:\/\/educa.cedric-dupraz.ch\/index.php?rest_route=\/wp\/v2\/types\/post"}],"author":[{"embeddable":true,"href":"https:\/\/educa.cedric-dupraz.ch\/index.php?rest_route=\/wp\/v2\/users\/2"}],"replies":[{"embeddable":true,"href":"https:\/\/educa.cedric-dupraz.ch\/index.php?rest_route=%2Fwp%2Fv2%2Fcomments&post=3715"}],"version-history":[{"count":82,"href":"https:\/\/educa.cedric-dupraz.ch\/index.php?rest_route=\/wp\/v2\/posts\/3715\/revisions"}],"predecessor-version":[{"id":4373,"href":"https:\/\/educa.cedric-dupraz.ch\/index.php?rest_route=\/wp\/v2\/posts\/3715\/revisions\/4373"}],"wp:attachment":[{"href":"https:\/\/educa.cedric-dupraz.ch\/index.php?rest_route=%2Fwp%2Fv2%2Fmedia&parent=3715"}],"wp:term":[{"taxonomy":"category","embeddable":true,"href":"https:\/\/educa.cedric-dupraz.ch\/index.php?rest_route=%2Fwp%2Fv2%2Fcategories&post=3715"},{"taxonomy":"post_tag","embeddable":true,"href":"https:\/\/educa.cedric-dupraz.ch\/index.php?rest_route=%2Fwp%2Fv2%2Ftags&post=3715"}],"curies":[{"name":"wp","href":"https:\/\/api.w.org\/{rel}","templated":true}]}}