{"id":2405,"date":"2025-11-07T10:41:10","date_gmt":"2025-11-07T10:41:10","guid":{"rendered":"https:\/\/educa.cedric-dupraz.ch\/?p=2405"},"modified":"2026-03-13T12:39:09","modified_gmt":"2026-03-13T12:39:09","slug":"ressources-sur-la-confederation-cantons-communes","status":"publish","type":"post","link":"https:\/\/educa.cedric-dupraz.ch\/?p=2405","title":{"rendered":"Ressources sur la Conf\u00e9d\u00e9ration, cantons, communes"},"content":{"rendered":"\t\t<div data-elementor-type=\"wp-post\" data-elementor-id=\"2405\" class=\"elementor elementor-2405\">\n\t\t\t\t<div class=\"elementor-element elementor-element-7ecefed e-flex e-con-boxed e-con e-parent\" data-id=\"7ecefed\" data-element_type=\"container\" data-e-type=\"container\">\n\t\t\t\t\t<div class=\"e-con-inner\">\n\t\t\t\t<div class=\"elementor-element elementor-element-2554e66 elementor-widget elementor-widget-heading\" data-id=\"2554e66\" data-element_type=\"widget\" data-e-type=\"widget\" data-widget_type=\"heading.default\">\n\t\t\t\t\t<h2 class=\"elementor-heading-title elementor-size-default\">Quel est-ce que les trois pouvoirs en Suisse ?<\/h2>\t\t\t\t<\/div>\n\t\t\t\t\t<\/div>\n\t\t\t\t<\/div>\n\t\t<div class=\"elementor-element elementor-element-93f51df e-flex e-con-boxed e-con e-parent\" data-id=\"93f51df\" data-element_type=\"container\" data-e-type=\"container\">\n\t\t\t\t\t<div class=\"e-con-inner\">\n\t\t\t\t<div class=\"elementor-element elementor-element-4fbf5f3 elementor-widget elementor-widget-text-editor\" data-id=\"4fbf5f3\" data-element_type=\"widget\" data-e-type=\"widget\" data-widget_type=\"text-editor.default\">\n\t\t\t\t\t\t\t\t\t<ul><li><a href=\"https:\/\/www.youtube.com\/watch?v=mBBukWWcshA\"><em>Parlons du parlement<\/em>, La parlement suisse, 2016.<\/a><\/li><li><a href=\"https:\/\/educa.cedric-dupraz.ch\/wp-content\/uploads\/2025\/12\/Courte-introduction-au-systeme-politique-suisse-Michele-Andina-2013.mp4\">Courte introduction \u00e0 la d\u00e9mocratie suisse, Michele Andina, 2013 (version adapt\u00e9e).\u00a0<\/a><\/li><li><a href=\"https:\/\/www.rts.ch\/play\/tv\/nouvo-news\/video\/qui-se-cache-derriere-nos-lobbies--episode-87?urn=urn:rts:video:10398048\">Qui se cache derri\u00e8re nos lobbies ?, Novo, RTS, 2015.<\/a><\/li><li>\u00a0<\/li><\/ul>\t\t\t\t\t\t\t\t<\/div>\n\t\t\t\t\t<\/div>\n\t\t\t\t<\/div>\n\t\t<div class=\"elementor-element elementor-element-3a00ff7 e-flex e-con-boxed e-con e-parent\" data-id=\"3a00ff7\" data-element_type=\"container\" data-e-type=\"container\">\n\t\t\t\t\t<div class=\"e-con-inner\">\n\t\t\t\t<div class=\"elementor-element elementor-element-bcc3b27 elementor-widget elementor-widget-heading\" data-id=\"bcc3b27\" data-element_type=\"widget\" data-e-type=\"widget\" data-widget_type=\"heading.default\">\n\t\t\t\t\t<h2 class=\"elementor-heading-title elementor-size-default\">Qu'est-ce que la Conf\u00e9d\u00e9ration ?<\/h2>\t\t\t\t<\/div>\n\t\t\t\t\t<\/div>\n\t\t\t\t<\/div>\n\t\t<div class=\"elementor-element elementor-element-261e62f e-flex e-con-boxed e-con e-parent\" data-id=\"261e62f\" data-element_type=\"container\" data-e-type=\"container\">\n\t\t\t\t\t<div class=\"e-con-inner\">\n\t\t\t\t<div class=\"elementor-element elementor-element-3d652ab elementor-widget elementor-widget-text-editor\" data-id=\"3d652ab\" data-element_type=\"widget\" data-e-type=\"widget\" data-widget_type=\"text-editor.default\">\n\t\t\t\t\t\t\t\t\t<ul><li><a href=\"https:\/\/educa.cedric-dupraz.ch\/wp-content\/uploads\/2026\/03\/Les-secrets-du-Palais-federale-cercle-democratique-2023-Barry-Lopez.mp4\"><i>Les secrets du Palais f\u00e9d\u00e9ral<\/i>,<\/a> Cercle d\u00e9mocratique, 2023.<\/li><li>\u00c9lections et d\u00e9missions c\u00e9l\u00e8bres au Conseil f\u00e9d\u00e9ral : Marcel Pilet-Golaz, <a href=\"https:\/\/www.rts.ch\/info\/suisse\/13942536-premiere-femme-elue-au-conseil-federal-elisabeth-kopp-est-decedee.html\">\u00c9lisabeth Kopp<\/a> et <a href=\"https:\/\/www.rts.ch\/archives\/1993\/video\/au-conseil-federal-26197095.html\">Ruth Dreifuss<\/a>, RTS\u00a0<\/li><\/ul>\t\t\t\t\t\t\t\t<\/div>\n\t\t\t\t<div class=\"elementor-element elementor-element-8ac474c elementor-widget elementor-widget-heading\" data-id=\"8ac474c\" data-element_type=\"widget\" data-e-type=\"widget\" data-widget_type=\"heading.default\">\n\t\t\t\t\t<h2 class=\"elementor-heading-title elementor-size-default\">Qu'est-ce que les cantons et les communes ?<\/h2>\t\t\t\t<\/div>\n\t\t\t\t\t<\/div>\n\t\t\t\t<\/div>\n\t\t<div class=\"elementor-element elementor-element-d6156ac e-flex e-con-boxed e-con e-parent\" data-id=\"d6156ac\" data-element_type=\"container\" data-e-type=\"container\">\n\t\t\t\t\t<div class=\"e-con-inner\">\n\t\t\t\t<div class=\"elementor-element elementor-element-d4ed536 elementor-widget elementor-widget-text-editor\" data-id=\"d4ed536\" data-element_type=\"widget\" data-e-type=\"widget\" data-widget_type=\"text-editor.default\">\n\t\t\t\t\t\t\t\t\t<ul><li>\u00a0<\/li><\/ul>\t\t\t\t\t\t\t\t<\/div>\n\t\t\t\t\t<\/div>\n\t\t\t\t<\/div>\n\t\t<div class=\"elementor-element elementor-element-03d87df e-flex e-con-boxed e-con e-parent\" data-id=\"03d87df\" data-element_type=\"container\" data-e-type=\"container\">\n\t\t\t\t\t<div class=\"e-con-inner\">\n\t\t\t\t\t<\/div>\n\t\t\t\t<\/div>\n\t\t\t\t<\/div>\n\t\t","protected":false},"excerpt":{"rendered":"<p>Quel est-ce que les trois pouvoirs en Suisse ? Parlons du parlement, La parlement suisse, 2016. Courte introduction \u00e0 la d\u00e9mocratie suisse, Michele Andina, 2013 (version adapt\u00e9e).\u00a0 Qui se cache derri\u00e8re nos lobbies ?, Novo, RTS, 2015. \u00a0 Qu&rsquo;est-ce que la Conf\u00e9d\u00e9ration ? Les secrets du Palais f\u00e9d\u00e9ral, Cercle d\u00e9mocratique, 2023. \u00c9lections et d\u00e9missions c\u00e9l\u00e8bres [&hellip;]<\/p>\n","protected":false},"author":2,"featured_media":0,"comment_status":"open","ping_status":"open","sticky":false,"template":"","format":"standard","meta":{"om_disable_all_campaigns":false,"_monsterinsights_skip_tracking":false,"ngg_post_thumbnail":0,"ocean_front_end_style_editor":"no","ocean_post_layout":"full-width","ocean_both_sidebars_style":"","ocean_both_sidebars_content_width":0,"ocean_both_sidebars_sidebars_width":0,"ocean_sidebar":"0","ocean_second_sidebar":"0","ocean_disable_margins":"enable","ocean_add_body_class":"","ocean_shortcode_before_top_bar":"","ocean_shortcode_after_top_bar":"","ocean_shortcode_before_header":"","ocean_shortcode_after_header":"","ocean_has_shortcode":"","ocean_shortcode_after_title":"","ocean_shortcode_before_footer_widgets":"","ocean_shortcode_after_footer_widgets":"","ocean_shortcode_before_footer_bottom":"","ocean_shortcode_after_footer_bottom":"","ocean_display_top_bar":"off","ocean_display_header":"default","ocean_header_style":"","ocean_center_header_left_menu":"0","ocean_custom_header_template":"0","ocean_custom_logo":935,"ocean_custom_retina_logo":0,"ocean_custom_logo_max_width":0,"ocean_custom_logo_tablet_max_width":0,"ocean_custom_logo_mobile_max_width":0,"ocean_custom_logo_max_height":0,"ocean_custom_logo_tablet_max_height":0,"ocean_custom_logo_mobile_max_height":0,"ocean_header_custom_menu":"0","ocean_menu_typo_font_family":"0","ocean_menu_typo_font_subset":"","ocean_menu_typo_font_size":0,"ocean_menu_typo_font_size_tablet":0,"ocean_menu_typo_font_size_mobile":0,"ocean_menu_typo_font_size_unit":"px","ocean_menu_typo_font_weight":"","ocean_menu_typo_font_weight_tablet":"","ocean_menu_typo_font_weight_mobile":"","ocean_menu_typo_transform":"","ocean_menu_typo_transform_tablet":"","ocean_menu_typo_transform_mobile":"","ocean_menu_typo_line_height":0,"ocean_menu_typo_line_height_tablet":0,"ocean_menu_typo_line_height_mobile":0,"ocean_menu_typo_line_height_unit":"","ocean_menu_typo_spacing":0,"ocean_menu_typo_spacing_tablet":0,"ocean_menu_typo_spacing_mobile":0,"ocean_menu_typo_spacing_unit":"","ocean_menu_link_color":"","ocean_menu_link_color_hover":"","ocean_menu_link_color_active":"","ocean_menu_link_background":"","ocean_menu_link_hover_background":"","ocean_menu_link_active_background":"","ocean_menu_social_links_bg":"","ocean_menu_social_hover_links_bg":"","ocean_menu_social_links_color":"#000000","ocean_menu_social_hover_links_color":"","ocean_disable_title":"on","ocean_disable_heading":"default","ocean_post_title":"","ocean_post_subheading":"","ocean_post_title_style":"","ocean_post_title_background_color":"","ocean_post_title_background":0,"ocean_post_title_bg_image_position":"","ocean_post_title_bg_image_attachment":"","ocean_post_title_bg_image_repeat":"","ocean_post_title_bg_image_size":"","ocean_post_title_height":0,"ocean_post_title_bg_overlay":0.5,"ocean_post_title_bg_overlay_color":"","ocean_disable_breadcrumbs":"default","ocean_breadcrumbs_color":"","ocean_breadcrumbs_separator_color":"","ocean_breadcrumbs_links_color":"","ocean_breadcrumbs_links_hover_color":"","ocean_display_footer_widgets":"default","ocean_display_footer_bottom":"default","ocean_custom_footer_template":"0","ocean_post_oembed":"","ocean_post_self_hosted_media":"","ocean_post_video_embed":"","ocean_link_format":"","ocean_link_format_target":"self","ocean_quote_format":"","ocean_quote_format_link":"post","ocean_gallery_link_images":"off","ocean_gallery_id":[],"footnotes":""},"categories":[2],"tags":[4],"class_list":["post-2405","post","type-post","status-publish","format-standard","hentry","category-tricks","tag-tricks","entry"],"aioseo_notices":[],"aioseo_head":"\n\t\t<!-- All in One SEO 5.0.1.1 - aioseo.com -->\n\t<meta name=\"description\" content=\"Quel est-ce que les trois pouvoirs en Suisse ? Parlons du parlement, La parlement suisse, 2016.Courte introduction \u00e0 la d\u00e9mocratie suisse, Michele Andina, 2013 (version adapt\u00e9e). Qui se cache derri\u00e8re nos lobbies ?, Novo, RTS, 2015. Qu&#039;est-ce que la Conf\u00e9d\u00e9ration ? Les secrets du Palais f\u00e9d\u00e9ral, Cercle d\u00e9mocratique, 2023.\u00c9lections et d\u00e9missions c\u00e9l\u00e8bres au Conseil f\u00e9d\u00e9ral :\" \/>\n\t<meta name=\"robots\" content=\"max-image-preview:large\" \/>\n\t<meta name=\"author\" content=\"Dudu2020\"\/>\n\t<meta name=\"google-site-verification\" content=\"7bxG99gel-32J06cJr-ZTYv6crOv-lwVVid-3DJwy2I\" \/>\n\t<link rel=\"canonical\" href=\"https:\/\/educa.cedric-dupraz.ch\/?p=2405\" \/>\n\t<meta name=\"generator\" content=\"All in One SEO (AIOSEO) 5.0.1.1\" \/>\n\t\t<meta property=\"og:locale\" content=\"fr_FR\" \/>\n\t\t<meta property=\"og:site_name\" content=\"\u00c9ducation -\" \/>\n\t\t<meta property=\"og:type\" content=\"article\" \/>\n\t\t<meta property=\"og:title\" content=\"Ressources sur la Conf\u00e9d\u00e9ration, cantons, communes - \u00c9ducation\" \/>\n\t\t<meta property=\"og:description\" content=\"Quel est-ce que les trois pouvoirs en Suisse ? Parlons du parlement, La parlement suisse, 2016.Courte introduction \u00e0 la d\u00e9mocratie suisse, Michele Andina, 2013 (version adapt\u00e9e). Qui se cache derri\u00e8re nos lobbies ?, Novo, RTS, 2015. Qu&#039;est-ce que la Conf\u00e9d\u00e9ration ? Les secrets du Palais f\u00e9d\u00e9ral, Cercle d\u00e9mocratique, 2023.\u00c9lections et d\u00e9missions c\u00e9l\u00e8bres au Conseil f\u00e9d\u00e9ral :\" \/>\n\t\t<meta property=\"og:url\" content=\"https:\/\/educa.cedric-dupraz.ch\/?p=2405\" \/>\n\t\t<meta property=\"og:image\" content=\"https:\/\/educa.cedric-dupraz.ch\/wp-content\/uploads\/2025\/07\/logo-site.png\" \/>\n\t\t<meta property=\"og:image:secure_url\" content=\"https:\/\/educa.cedric-dupraz.ch\/wp-content\/uploads\/2025\/07\/logo-site.png\" \/>\n\t\t<meta property=\"article:published_time\" content=\"2025-11-07T10:41:10+00:00\" \/>\n\t\t<meta property=\"article:modified_time\" content=\"2026-03-13T12:39:09+00:00\" \/>\n\t\t<meta name=\"twitter:card\" content=\"summary_large_image\" \/>\n\t\t<meta name=\"twitter:title\" content=\"Ressources sur la Conf\u00e9d\u00e9ration, cantons, communes - \u00c9ducation\" \/>\n\t\t<meta name=\"twitter:description\" content=\"Quel est-ce que les trois pouvoirs en Suisse ? Parlons du parlement, La parlement suisse, 2016.Courte introduction \u00e0 la d\u00e9mocratie suisse, Michele Andina, 2013 (version adapt\u00e9e). Qui se cache derri\u00e8re nos lobbies ?, Novo, RTS, 2015. Qu&#039;est-ce que la Conf\u00e9d\u00e9ration ? Les secrets du Palais f\u00e9d\u00e9ral, Cercle d\u00e9mocratique, 2023.\u00c9lections et d\u00e9missions c\u00e9l\u00e8bres au Conseil f\u00e9d\u00e9ral :\" \/>\n\t\t<meta name=\"twitter:image\" content=\"https:\/\/educa.cedric-dupraz.ch\/wp-content\/uploads\/2025\/07\/logo-site.png\" \/>\n\t\t<script type=\"application\/ld+json\" class=\"aioseo-schema\">\n\t\t\t{\"@context\":\"https:\\\/\\\/schema.org\",\"@graph\":[{\"@type\":\"BlogPosting\",\"@id\":\"https:\\\/\\\/educa.cedric-dupraz.ch\\\/?p=2405#blogposting\",\"name\":\"Ressources sur la Conf\\u00e9d\\u00e9ration, cantons, communes - \\u00c9ducation\",\"headline\":\"Ressources sur la Conf\\u00e9d\\u00e9ration, cantons, communes\",\"author\":{\"@id\":\"https:\\\/\\\/educa.cedric-dupraz.ch\\\/?author=2#author\"},\"publisher\":{\"@id\":\"https:\\\/\\\/educa.cedric-dupraz.ch\\\/#organization\"},\"image\":{\"@type\":\"ImageObject\",\"url\":\"https:\\\/\\\/educa.cedric-dupraz.ch\\\/wp-content\\\/uploads\\\/2025\\\/07\\\/logo-site.png\",\"@id\":\"https:\\\/\\\/educa.cedric-dupraz.ch\\\/#articleImage\",\"width\":127,\"height\":29},\"datePublished\":\"2025-11-07T10:41:10+00:00\",\"dateModified\":\"2026-03-13T12:39:09+00:00\",\"inLanguage\":\"fr-FR\",\"mainEntityOfPage\":{\"@id\":\"https:\\\/\\\/educa.cedric-dupraz.ch\\\/?p=2405#webpage\"},\"isPartOf\":{\"@id\":\"https:\\\/\\\/educa.cedric-dupraz.ch\\\/?p=2405#webpage\"},\"articleSection\":\"Tricks, Tricks\"},{\"@type\":\"BreadcrumbList\",\"@id\":\"https:\\\/\\\/educa.cedric-dupraz.ch\\\/?p=2405#breadcrumblist\",\"itemListElement\":[{\"@type\":\"ListItem\",\"@id\":\"https:\\\/\\\/educa.cedric-dupraz.ch#listItem\",\"position\":1,\"name\":\"Home\",\"item\":\"https:\\\/\\\/educa.cedric-dupraz.ch\",\"nextItem\":{\"@type\":\"ListItem\",\"@id\":\"https:\\\/\\\/educa.cedric-dupraz.ch\\\/?cat=2#listItem\",\"name\":\"Tricks\"}},{\"@type\":\"ListItem\",\"@id\":\"https:\\\/\\\/educa.cedric-dupraz.ch\\\/?cat=2#listItem\",\"position\":2,\"name\":\"Tricks\",\"item\":\"https:\\\/\\\/educa.cedric-dupraz.ch\\\/?cat=2\",\"nextItem\":{\"@type\":\"ListItem\",\"@id\":\"https:\\\/\\\/educa.cedric-dupraz.ch\\\/?p=2405#listItem\",\"name\":\"Ressources sur la Conf\\u00e9d\\u00e9ration, cantons, communes\"},\"previousItem\":{\"@type\":\"ListItem\",\"@id\":\"https:\\\/\\\/educa.cedric-dupraz.ch#listItem\",\"name\":\"Home\"}},{\"@type\":\"ListItem\",\"@id\":\"https:\\\/\\\/educa.cedric-dupraz.ch\\\/?p=2405#listItem\",\"position\":3,\"name\":\"Ressources sur la Conf\\u00e9d\\u00e9ration, cantons, communes\",\"previousItem\":{\"@type\":\"ListItem\",\"@id\":\"https:\\\/\\\/educa.cedric-dupraz.ch\\\/?cat=2#listItem\",\"name\":\"Tricks\"}}]},{\"@type\":\"Organization\",\"@id\":\"https:\\\/\\\/educa.cedric-dupraz.ch\\\/#organization\",\"name\":\"\\u00c9ducation\",\"url\":\"https:\\\/\\\/educa.cedric-dupraz.ch\\\/\",\"logo\":{\"@type\":\"ImageObject\",\"url\":\"https:\\\/\\\/educa.cedric-dupraz.ch\\\/wp-content\\\/uploads\\\/2025\\\/07\\\/logo-site.png\",\"@id\":\"https:\\\/\\\/educa.cedric-dupraz.ch\\\/?p=2405\\\/#organizationLogo\",\"width\":127,\"height\":29},\"image\":{\"@id\":\"https:\\\/\\\/educa.cedric-dupraz.ch\\\/?p=2405\\\/#organizationLogo\"}},{\"@type\":\"Person\",\"@id\":\"https:\\\/\\\/educa.cedric-dupraz.ch\\\/?author=2#author\",\"url\":\"https:\\\/\\\/educa.cedric-dupraz.ch\\\/?author=2\",\"name\":\"Dudu2020\",\"image\":{\"@type\":\"ImageObject\",\"@id\":\"https:\\\/\\\/educa.cedric-dupraz.ch\\\/?p=2405#authorImage\",\"url\":\"https:\\\/\\\/secure.gravatar.com\\\/avatar\\\/24f762468b417704611fc93ea8c3d296715673199f0f3b5d561cb850e6cc9f2f?s=96&d=mm&r=g\",\"width\":96,\"height\":96,\"caption\":\"Dudu2020\"}},{\"@type\":\"WebPage\",\"@id\":\"https:\\\/\\\/educa.cedric-dupraz.ch\\\/?p=2405#webpage\",\"url\":\"https:\\\/\\\/educa.cedric-dupraz.ch\\\/?p=2405\",\"name\":\"Ressources sur la Conf\\u00e9d\\u00e9ration, cantons, communes - \\u00c9ducation\",\"description\":\"Quel est-ce que les trois pouvoirs en Suisse ? Parlons du parlement, La parlement suisse, 2016.Courte introduction \\u00e0 la d\\u00e9mocratie suisse, Michele Andina, 2013 (version adapt\\u00e9e). Qui se cache derri\\u00e8re nos lobbies ?, Novo, RTS, 2015. Qu'est-ce que la Conf\\u00e9d\\u00e9ration ? Les secrets du Palais f\\u00e9d\\u00e9ral, Cercle d\\u00e9mocratique, 2023.\\u00c9lections et d\\u00e9missions c\\u00e9l\\u00e8bres au Conseil f\\u00e9d\\u00e9ral :\",\"inLanguage\":\"fr-FR\",\"isPartOf\":{\"@id\":\"https:\\\/\\\/educa.cedric-dupraz.ch\\\/#website\"},\"breadcrumb\":{\"@id\":\"https:\\\/\\\/educa.cedric-dupraz.ch\\\/?p=2405#breadcrumblist\"},\"author\":{\"@id\":\"https:\\\/\\\/educa.cedric-dupraz.ch\\\/?author=2#author\"},\"creator\":{\"@id\":\"https:\\\/\\\/educa.cedric-dupraz.ch\\\/?author=2#author\"},\"datePublished\":\"2025-11-07T10:41:10+00:00\",\"dateModified\":\"2026-03-13T12:39:09+00:00\"},{\"@type\":\"WebSite\",\"@id\":\"https:\\\/\\\/educa.cedric-dupraz.ch\\\/#website\",\"url\":\"https:\\\/\\\/educa.cedric-dupraz.ch\\\/\",\"name\":\"\\u00c9ducation\",\"inLanguage\":\"fr-FR\",\"publisher\":{\"@id\":\"https:\\\/\\\/educa.cedric-dupraz.ch\\\/#organization\"}}]}\n\t\t<\/script>\n\t\t<!-- All in One SEO -->\n\n","aioseo_head_json":{"title":"Ressources sur la Conf\u00e9d\u00e9ration, cantons, communes - \u00c9ducation","description":"Quel est-ce que les trois pouvoirs en Suisse ? Parlons du parlement, La parlement suisse, 2016.Courte introduction \u00e0 la d\u00e9mocratie suisse, Michele Andina, 2013 (version adapt\u00e9e). Qui se cache derri\u00e8re nos lobbies ?, Novo, RTS, 2015. Qu'est-ce que la Conf\u00e9d\u00e9ration ? Les secrets du Palais f\u00e9d\u00e9ral, Cercle d\u00e9mocratique, 2023.\u00c9lections et d\u00e9missions c\u00e9l\u00e8bres au Conseil f\u00e9d\u00e9ral :","canonical_url":"https:\/\/educa.cedric-dupraz.ch\/?p=2405","robots":"max-image-preview:large","keywords":"","webmasterTools":{"google-site-verification":"7bxG99gel-32J06cJr-ZTYv6crOv-lwVVid-3DJwy2I","miscellaneous":""},"schema":{"@context":"https:\/\/schema.org","@graph":[{"@type":"BlogPosting","@id":"https:\/\/educa.cedric-dupraz.ch\/?p=2405#blogposting","name":"Ressources sur la Conf\u00e9d\u00e9ration, cantons, communes - \u00c9ducation","headline":"Ressources sur la Conf\u00e9d\u00e9ration, cantons, communes","author":{"@id":"https:\/\/educa.cedric-dupraz.ch\/?author=2#author"},"publisher":{"@id":"https:\/\/educa.cedric-dupraz.ch\/#organization"},"image":{"@type":"ImageObject","url":"https:\/\/educa.cedric-dupraz.ch\/wp-content\/uploads\/2025\/07\/logo-site.png","@id":"https:\/\/educa.cedric-dupraz.ch\/#articleImage","width":127,"height":29},"datePublished":"2025-11-07T10:41:10+00:00","dateModified":"2026-03-13T12:39:09+00:00","inLanguage":"fr-FR","mainEntityOfPage":{"@id":"https:\/\/educa.cedric-dupraz.ch\/?p=2405#webpage"},"isPartOf":{"@id":"https:\/\/educa.cedric-dupraz.ch\/?p=2405#webpage"},"articleSection":"Tricks, Tricks"},{"@type":"BreadcrumbList","@id":"https:\/\/educa.cedric-dupraz.ch\/?p=2405#breadcrumblist","itemListElement":[{"@type":"ListItem","@id":"https:\/\/educa.cedric-dupraz.ch#listItem","position":1,"name":"Home","item":"https:\/\/educa.cedric-dupraz.ch","nextItem":{"@type":"ListItem","@id":"https:\/\/educa.cedric-dupraz.ch\/?cat=2#listItem","name":"Tricks"}},{"@type":"ListItem","@id":"https:\/\/educa.cedric-dupraz.ch\/?cat=2#listItem","position":2,"name":"Tricks","item":"https:\/\/educa.cedric-dupraz.ch\/?cat=2","nextItem":{"@type":"ListItem","@id":"https:\/\/educa.cedric-dupraz.ch\/?p=2405#listItem","name":"Ressources sur la Conf\u00e9d\u00e9ration, cantons, communes"},"previousItem":{"@type":"ListItem","@id":"https:\/\/educa.cedric-dupraz.ch#listItem","name":"Home"}},{"@type":"ListItem","@id":"https:\/\/educa.cedric-dupraz.ch\/?p=2405#listItem","position":3,"name":"Ressources sur la Conf\u00e9d\u00e9ration, cantons, communes","previousItem":{"@type":"ListItem","@id":"https:\/\/educa.cedric-dupraz.ch\/?cat=2#listItem","name":"Tricks"}}]},{"@type":"Organization","@id":"https:\/\/educa.cedric-dupraz.ch\/#organization","name":"\u00c9ducation","url":"https:\/\/educa.cedric-dupraz.ch\/","logo":{"@type":"ImageObject","url":"https:\/\/educa.cedric-dupraz.ch\/wp-content\/uploads\/2025\/07\/logo-site.png","@id":"https:\/\/educa.cedric-dupraz.ch\/?p=2405\/#organizationLogo","width":127,"height":29},"image":{"@id":"https:\/\/educa.cedric-dupraz.ch\/?p=2405\/#organizationLogo"}},{"@type":"Person","@id":"https:\/\/educa.cedric-dupraz.ch\/?author=2#author","url":"https:\/\/educa.cedric-dupraz.ch\/?author=2","name":"Dudu2020","image":{"@type":"ImageObject","@id":"https:\/\/educa.cedric-dupraz.ch\/?p=2405#authorImage","url":"https:\/\/secure.gravatar.com\/avatar\/24f762468b417704611fc93ea8c3d296715673199f0f3b5d561cb850e6cc9f2f?s=96&d=mm&r=g","width":96,"height":96,"caption":"Dudu2020"}},{"@type":"WebPage","@id":"https:\/\/educa.cedric-dupraz.ch\/?p=2405#webpage","url":"https:\/\/educa.cedric-dupraz.ch\/?p=2405","name":"Ressources sur la Conf\u00e9d\u00e9ration, cantons, communes - \u00c9ducation","description":"Quel est-ce que les trois pouvoirs en Suisse ? Parlons du parlement, La parlement suisse, 2016.Courte introduction \u00e0 la d\u00e9mocratie suisse, Michele Andina, 2013 (version adapt\u00e9e). Qui se cache derri\u00e8re nos lobbies ?, Novo, RTS, 2015. Qu'est-ce que la Conf\u00e9d\u00e9ration ? Les secrets du Palais f\u00e9d\u00e9ral, Cercle d\u00e9mocratique, 2023.\u00c9lections et d\u00e9missions c\u00e9l\u00e8bres au Conseil f\u00e9d\u00e9ral :","inLanguage":"fr-FR","isPartOf":{"@id":"https:\/\/educa.cedric-dupraz.ch\/#website"},"breadcrumb":{"@id":"https:\/\/educa.cedric-dupraz.ch\/?p=2405#breadcrumblist"},"author":{"@id":"https:\/\/educa.cedric-dupraz.ch\/?author=2#author"},"creator":{"@id":"https:\/\/educa.cedric-dupraz.ch\/?author=2#author"},"datePublished":"2025-11-07T10:41:10+00:00","dateModified":"2026-03-13T12:39:09+00:00"},{"@type":"WebSite","@id":"https:\/\/educa.cedric-dupraz.ch\/#website","url":"https:\/\/educa.cedric-dupraz.ch\/","name":"\u00c9ducation","inLanguage":"fr-FR","publisher":{"@id":"https:\/\/educa.cedric-dupraz.ch\/#organization"}}]},"og:locale":"fr_FR","og:site_name":"\u00c9ducation -","og:type":"article","og:title":"Ressources sur la Conf\u00e9d\u00e9ration, cantons, communes - \u00c9ducation","og:description":"Quel est-ce que les trois pouvoirs en Suisse ? Parlons du parlement, La parlement suisse, 2016.Courte introduction \u00e0 la d\u00e9mocratie suisse, Michele Andina, 2013 (version adapt\u00e9e). Qui se cache derri\u00e8re nos lobbies ?, Novo, RTS, 2015. Qu'est-ce que la Conf\u00e9d\u00e9ration ? Les secrets du Palais f\u00e9d\u00e9ral, Cercle d\u00e9mocratique, 2023.\u00c9lections et d\u00e9missions c\u00e9l\u00e8bres au Conseil f\u00e9d\u00e9ral :","og:url":"https:\/\/educa.cedric-dupraz.ch\/?p=2405","og:image":"https:\/\/educa.cedric-dupraz.ch\/wp-content\/uploads\/2025\/07\/logo-site.png","og:image:secure_url":"https:\/\/educa.cedric-dupraz.ch\/wp-content\/uploads\/2025\/07\/logo-site.png","article:published_time":"2025-11-07T10:41:10+00:00","article:modified_time":"2026-03-13T12:39:09+00:00","twitter:card":"summary_large_image","twitter:title":"Ressources sur la Conf\u00e9d\u00e9ration, cantons, communes - \u00c9ducation","twitter:description":"Quel est-ce que les trois pouvoirs en Suisse ? Parlons du parlement, La parlement suisse, 2016.Courte introduction \u00e0 la d\u00e9mocratie suisse, Michele Andina, 2013 (version adapt\u00e9e). Qui se cache derri\u00e8re nos lobbies ?, Novo, RTS, 2015. Qu'est-ce que la Conf\u00e9d\u00e9ration ? Les secrets du Palais f\u00e9d\u00e9ral, Cercle d\u00e9mocratique, 2023.\u00c9lections et d\u00e9missions c\u00e9l\u00e8bres au Conseil f\u00e9d\u00e9ral :","twitter:image":"https:\/\/educa.cedric-dupraz.ch\/wp-content\/uploads\/2025\/07\/logo-site.png"},"aioseo_meta_data":{"post_id":"2405","title":null,"description":null,"keywords":null,"keyphrases":{"focus":[],"additional":[]},"primary_term":null,"canonical_url":null,"og_title":null,"og_description":null,"og_object_type":"default","og_image_type":"default","og_image_url":null,"og_image_width":null,"og_image_height":null,"og_image_custom_url":null,"og_image_custom_fields":null,"og_video":"","og_custom_url":null,"og_article_section":null,"og_article_tags":null,"twitter_use_og":false,"twitter_card":"default","twitter_image_type":"default","twitter_image_url":null,"twitter_image_custom_url":null,"twitter_image_custom_fields":null,"twitter_title":null,"twitter_description":null,"schema":{"blockGraphs":[],"customGraphs":[],"default":{"data":{"Article":[],"Course":[],"Dataset":[],"FAQPage":[],"Movie":[],"Person":[],"Product":[],"ProductReview":[],"Car":[],"Recipe":[],"Service":[],"SoftwareApplication":[],"WebPage":[]},"graphName":"BlogPosting","isEnabled":true},"graphs":[]},"schema_type":"default","schema_type_options":null,"pillar_content":false,"robots_default":true,"robots_noindex":false,"robots_noarchive":false,"robots_nosnippet":false,"robots_nofollow":false,"robots_noimageindex":false,"robots_noodp":false,"robots_notranslate":false,"robots_max_snippet":"-1","robots_max_videopreview":"-1","robots_max_imagepreview":"large","priority":null,"frequency":"default","local_seo":null,"breadcrumb_settings":null,"limit_modified_date":false,"ai":{"faqs":[],"keyPoints":[],"titles":[],"descriptions":[],"socialPosts":{"email":[],"linkedin":[],"twitter":[],"facebook":[],"instagram":[]}},"created":"2025-11-07 10:41:12","updated":"2026-08-31 16:55:47","seo_analyzer_scan_date":null,"focus_keyword":null,"additional_keywords":null,"truseo_locale":null},"aioseo_breadcrumb":"<div class=\"aioseo-breadcrumbs\"><span class=\"aioseo-breadcrumb\">\n\t\t\t<a href=\"https:\/\/educa.cedric-dupraz.ch\" title=\"Home\">Home<\/a>\n\t\t<\/span><span class=\"aioseo-breadcrumb-separator\">&raquo;<\/span><span class=\"aioseo-breadcrumb\">\n\t\t\t<a href=\"https:\/\/educa.cedric-dupraz.ch\/?cat=2\" title=\"Tricks\">Tricks<\/a>\n\t\t<\/span><span class=\"aioseo-breadcrumb-separator\">&raquo;<\/span><span class=\"aioseo-breadcrumb\">\n\t\t\tRessources sur la Conf\u00e9d\u00e9ration, cantons, communes\n\t\t<\/span><\/div>","aioseo_breadcrumb_json":[{"label":"Home","link":"https:\/\/educa.cedric-dupraz.ch"},{"label":"Tricks","link":"https:\/\/educa.cedric-dupraz.ch\/?cat=2"},{"label":"Ressources sur la Conf\u00e9d\u00e9ration, cantons, communes","link":"https:\/\/educa.cedric-dupraz.ch\/?p=2405"}],"_links":{"self":[{"href":"https:\/\/educa.cedric-dupraz.ch\/index.php?rest_route=\/wp\/v2\/posts\/2405","targetHints":{"allow":["GET"]}}],"collection":[{"href":"https:\/\/educa.cedric-dupraz.ch\/index.php?rest_route=\/wp\/v2\/posts"}],"about":[{"href":"https:\/\/educa.cedric-dupraz.ch\/index.php?rest_route=\/wp\/v2\/types\/post"}],"author":[{"embeddable":true,"href":"https:\/\/educa.cedric-dupraz.ch\/index.php?rest_route=\/wp\/v2\/users\/2"}],"replies":[{"embeddable":true,"href":"https:\/\/educa.cedric-dupraz.ch\/index.php?rest_route=%2Fwp%2Fv2%2Fcomments&post=2405"}],"version-history":[{"count":22,"href":"https:\/\/educa.cedric-dupraz.ch\/index.php?rest_route=\/wp\/v2\/posts\/2405\/revisions"}],"predecessor-version":[{"id":3628,"href":"https:\/\/educa.cedric-dupraz.ch\/index.php?rest_route=\/wp\/v2\/posts\/2405\/revisions\/3628"}],"wp:attachment":[{"href":"https:\/\/educa.cedric-dupraz.ch\/index.php?rest_route=%2Fwp%2Fv2%2Fmedia&parent=2405"}],"wp:term":[{"taxonomy":"category","embeddable":true,"href":"https:\/\/educa.cedric-dupraz.ch\/index.php?rest_route=%2Fwp%2Fv2%2Fcategories&post=2405"},{"taxonomy":"post_tag","embeddable":true,"href":"https:\/\/educa.cedric-dupraz.ch\/index.php?rest_route=%2Fwp%2Fv2%2Ftags&post=2405"}],"curies":[{"name":"wp","href":"https:\/\/api.w.org\/{rel}","templated":true}]}}