{"id":2050,"date":"2025-10-10T18:10:14","date_gmt":"2025-10-10T18:10:14","guid":{"rendered":"https:\/\/educa.cedric-dupraz.ch\/?p=2050"},"modified":"2026-06-15T07:08:37","modified_gmt":"2026-06-15T07:08:37","slug":"ressources-sur-le-moyen-age","status":"publish","type":"post","link":"https:\/\/educa.cedric-dupraz.ch\/?p=2050","title":{"rendered":"Ressources sur le Moyen \u00c2ge"},"content":{"rendered":"\t\t<div data-elementor-type=\"wp-post\" data-elementor-id=\"2050\" class=\"elementor elementor-2050\">\n\t\t\t\t<div class=\"elementor-element elementor-element-7ecefed e-flex e-con-boxed e-con e-parent\" data-id=\"7ecefed\" data-element_type=\"container\" data-e-type=\"container\">\n\t\t\t\t\t<div class=\"e-con-inner\">\n\t\t\t\t<div class=\"elementor-element elementor-element-2554e66 elementor-widget elementor-widget-heading\" data-id=\"2554e66\" data-element_type=\"widget\" data-e-type=\"widget\" data-widget_type=\"heading.default\">\n\t\t\t\t\t<h2 class=\"elementor-heading-title elementor-size-default\">Quel est-ce que le Moyen \u00c2ge ?<\/h2>\t\t\t\t<\/div>\n\t\t\t\t\t<\/div>\n\t\t\t\t<\/div>\n\t\t<div class=\"elementor-element elementor-element-93f51df e-flex e-con-boxed e-con e-parent\" data-id=\"93f51df\" data-element_type=\"container\" data-e-type=\"container\">\n\t\t\t\t\t<div class=\"e-con-inner\">\n\t\t\t\t\t<\/div>\n\t\t\t\t<\/div>\n\t\t<div class=\"elementor-element elementor-element-3a00ff7 e-flex e-con-boxed e-con e-parent\" data-id=\"3a00ff7\" data-element_type=\"container\" data-e-type=\"container\">\n\t\t\t\t\t<div class=\"e-con-inner\">\n\t\t\t\t<div class=\"elementor-element elementor-element-bcc3b27 elementor-widget elementor-widget-heading\" data-id=\"bcc3b27\" data-element_type=\"widget\" data-e-type=\"widget\" data-widget_type=\"heading.default\">\n\t\t\t\t\t<h2 class=\"elementor-heading-title elementor-size-default\">Que sont les royaumes barbares ?<\/h2>\t\t\t\t<\/div>\n\t\t\t\t\t<\/div>\n\t\t\t\t<\/div>\n\t\t<div class=\"elementor-element elementor-element-261e62f e-flex e-con-boxed e-con e-parent\" data-id=\"261e62f\" data-element_type=\"container\" data-e-type=\"container\">\n\t\t\t\t\t<div class=\"e-con-inner\">\n\t\t\t\t<div class=\"elementor-element elementor-element-3d652ab elementor-widget elementor-widget-text-editor\" data-id=\"3d652ab\" data-element_type=\"widget\" data-e-type=\"widget\" data-widget_type=\"text-editor.default\">\n\t\t\t\t\t\t\t\t\t<ul><li><a href=\"https:\/\/www.youtube.com\/watch?v=2gG2bgs-VpE\"><em>Les invasions barbares &#8211; Je r\u00e9vise avec toi<\/em>, 2022.<\/a><\/li><li><a href=\"https:\/\/educa.cedric-dupraz.ch\/wp-content\/uploads\/2026\/02\/06RN09-carte2_Royaumesbarbaresaudebutdu6esiecle.pdf\">Carte des Royaumes barbares au d\u00e9but du VIe si\u00e8cle, plan d&rsquo;\u00e9tude romand, Histoire 9<sup>e<\/sup>, Moyens d&rsquo;enseignement romands.<\/a><\/li><\/ul>\t\t\t\t\t\t\t\t<\/div>\n\t\t\t\t<div class=\"elementor-element elementor-element-8ac474c elementor-widget elementor-widget-heading\" data-id=\"8ac474c\" data-element_type=\"widget\" data-e-type=\"widget\" data-widget_type=\"heading.default\">\n\t\t\t\t\t<h2 class=\"elementor-heading-title elementor-size-default\">Qui sont les rois m\u00e9rovingiens et les rois carolingiens ?<\/h2>\t\t\t\t<\/div>\n\t\t\t\t\t<\/div>\n\t\t\t\t<\/div>\n\t\t<div class=\"elementor-element elementor-element-e9ef76c e-flex e-con-boxed e-con e-parent\" data-id=\"e9ef76c\" data-element_type=\"container\" data-e-type=\"container\">\n\t\t\t\t\t<div class=\"e-con-inner\">\n\t\t\t\t<div class=\"elementor-element elementor-element-eaef3ec elementor-widget elementor-widget-text-editor\" data-id=\"eaef3ec\" data-element_type=\"widget\" data-e-type=\"widget\" data-widget_type=\"text-editor.default\">\n\t\t\t\t\t\t\t\t\t<ul><li><a href=\"https:\/\/www.youtube.com\/watch?v=XqTrD2G3M3o&amp;t=286s\"><em>L&rsquo;\u00c9glise<\/em> &#8211; Je r\u00e9vise avec toi, 2021.<\/a><\/li><li><a href=\"https:\/\/www.youtube.com\/watch?v=UdCpQnsVZo4\"><em>Charlemagne<\/em> &#8211; Je r\u00e9vise avec toi, 2020.<\/a><\/li><\/ul>\t\t\t\t\t\t\t\t<\/div>\n\t\t\t\t\t<\/div>\n\t\t\t\t<\/div>\n\t\t<div class=\"elementor-element elementor-element-ddca30c e-flex e-con-boxed e-con e-parent\" data-id=\"ddca30c\" data-element_type=\"container\" data-e-type=\"container\">\n\t\t\t\t\t<div class=\"e-con-inner\">\n\t\t\t\t<div class=\"elementor-element elementor-element-daf715e elementor-widget elementor-widget-heading\" data-id=\"daf715e\" data-element_type=\"widget\" data-e-type=\"widget\" data-widget_type=\"heading.default\">\n\t\t\t\t\t<h2 class=\"elementor-heading-title elementor-size-default\">Comment vivait-on au Moyen \u00c2ge ?<\/h2>\t\t\t\t<\/div>\n\t\t\t\t\t<\/div>\n\t\t\t\t<\/div>\n\t\t<div class=\"elementor-element elementor-element-d6156ac e-flex e-con-boxed e-con e-parent\" data-id=\"d6156ac\" data-element_type=\"container\" data-e-type=\"container\">\n\t\t\t\t\t<div class=\"e-con-inner\">\n\t\t\t\t<div class=\"elementor-element elementor-element-d4ed536 elementor-widget elementor-widget-text-editor\" data-id=\"d4ed536\" data-element_type=\"widget\" data-e-type=\"widget\" data-widget_type=\"text-editor.default\">\n\t\t\t\t\t\t\t\t\t<ul><li><a href=\"https:\/\/www.youtube.com\/watch?v=WMwZZ1MW0Og\"><em>Les paysans au Moyen-\u00c2ge<\/em>, Canop\u00e9 Normandie, 2015.<\/a><\/li><li><a href=\"https:\/\/educa.cedric-dupraz.ch\/wp-content\/uploads\/2026\/01\/Au-Moyen-Age-et-le-travaille-des-paysans_Ouest-France_2026.mp4\">Au Moyen \u00c2ge, les paysans travaillaient-ils plus que nous ?, Ouest-France, Ines Florentin, 26 janvier 2026.\u00a0<\/a><\/li><li><a href=\"https:\/\/www.youtube.com\/watch?v=zzazEQequgM\"><em>La Seigneurie au Moyen-\u00c2ge<\/em>, Gr\u00e9goire Pyrogue, 2019.<\/a> : <span style=\"color: #ffcc99;\">Contrairement aux ardoises et tuiles, les toits en chaume permettent de temp\u00e9rer la chaleur &#8211; ti\u00e8de en hiver ou en \u00e9t\u00e9 -.<\/span><\/li><li><a href=\"https:\/\/www.bing.com\/videos\/riverview\/relatedvideo?q=il+%c3%a9tait+une+fois+l%27homme+cath%c3%a9drale&amp;&amp;mid=3CB7D2FE899EEE3A54103CB7D2FE899EEE3A5410&amp;churl=https%3a%2f%2fwww.youtube.com%2fchannel%2fUCrVd8O-B_yfsF8Gnv9XJ5gQ&amp;FORM=VRDGAR\"><em>Il \u00e9tait une fois l&rsquo;Homme : Les b\u00e2tisseurs de cath\u00e9drales.<\/em><\/a><\/li><li><a href=\"https:\/\/www.google.com\/search?q=combien+avait+d%27enfants+les+paysans+au+moyen+%C3%A2ge&amp;oq=combien+avait+d%27enfants+les+paysans+au+moyen+%C3%A2ge&amp;gs_lcrp=EgZjaHJvbWUyBggAEEUYOTIHCAEQIRifBTIHCAIQIRifBTIHCAMQIRifBTIHCAQQIRifBTIHCAUQIRifBdIBCTEwOTkzajBqNKgCALACAA&amp;sourceid=chrome&amp;ie=UTF-8#fpstate=ive&amp;vld=cid:a7f7cd2b,vid:VCVERwAb2T4,st:0\"><em>Soci\u00e9t\u00e9 m\u00e9di\u00e9vale &#8211; \u00eatre enfant au Moyen \u00c2ge<\/em><\/a>, Yannick Rub, 2019.<\/li><li><a href=\"https:\/\/playout02.edupool.cloud\/cloud\/5b4af36a9f218819e682e8087a48db55\/histoire_quotidien20160323_france_chevaliers_chateaux.mp4\"><em>La France au Temps des chevaliers &#8211; L&rsquo;histoire au quotidien<\/em>, Mac Leggy et Marjolaine Boutet.\u00a0<\/a><\/li><\/ul>\t\t\t\t\t\t\t\t<\/div>\n\t\t\t\t\t<\/div>\n\t\t\t\t<\/div>\n\t\t<div class=\"elementor-element elementor-element-78c7a6e e-flex e-con-boxed e-con e-parent\" data-id=\"78c7a6e\" data-element_type=\"container\" data-e-type=\"container\">\n\t\t\t\t\t<div class=\"e-con-inner\">\n\t\t\t\t<div class=\"elementor-element elementor-element-2e990b5 elementor-widget elementor-widget-heading\" data-id=\"2e990b5\" data-element_type=\"widget\" data-e-type=\"widget\" data-widget_type=\"heading.default\">\n\t\t\t\t\t<h2 class=\"elementor-heading-title elementor-size-default\">Quelles sont les grandes dates de l'histoire suisse ?<\/h2>\t\t\t\t<\/div>\n\t\t\t\t<div class=\"elementor-element elementor-element-cb4fd29 elementor-widget elementor-widget-text-editor\" data-id=\"cb4fd29\" data-element_type=\"widget\" data-e-type=\"widget\" data-widget_type=\"text-editor.default\">\n\t\t\t\t\t\t\t\t\t<ul><li><a href=\"https:\/\/www.google.com\/search?q=guerre+de+cent+ans&amp;sca_esv=49e58579f478be61&amp;biw=1366&amp;bih=607&amp;sxsrf=ANbL-n40LyrSFW6I8aZWUYIAb2fkNwfELg%3A1777811037208&amp;ei=XT73aaCxC_Soi-gPn96J4QI&amp;ved=0ahUKEwjg0-Wajp2UAxV01AIHHR9vIiwQ4dUDCBE&amp;uact=5&amp;oq=guerre+de+cent+ans&amp;gs_lp=Egxnd3Mtd2l6LXNlcnAiEmd1ZXJyZSBkZSBjZW50IGFuczIQECMYyQIY8AUYgAQYigUYJzIFEAAYgAQyBRAAGIAEMgUQABiABDIFEAAYgAQyChAAGIAEGBQYhwIyBRAAGIAEMgoQABiABBgUGIcCMgUQABiABDIFEAAYgARI6zFQAFjJMHAIeAGQAQCYAXqgAfwRqgEEMjIuNLgBA8gBAPgBAZgCIqACzhjCAhAQIxjwBRjJAhiABBiKBRgnwgIEECMYJ8ICChAjGIAEGIoFGCfCAgoQABiABBiKBRhDwgIQEAAYgAQYigUYQxixAxiDAcICDRAAGIAEGIoFGEMYsQPCAhYQLhiABBiKBRhDGLEDGIMBGMcBGNEDwgIKEC4YgAQYigUYQ8ICEBAuGIAEGIoFGEMYxwEY0QPCAhAQLhiABBiKBRhDGMcBGK8BwgIQEC4YgAQYigUYQxixAxiDAcICExAuGIAEGIoFGEMYsQMYxwEY0QPCAgUQLhiABMICBxAAGIAEGArCAg0QIxjwBRjJAhixAhgnwgIJEAAYgAQYChgLwgINECMYyQIY8AUYsQIYJ8ICBRAhGKABwgIFECEYnwXCAgYQABgWGB7CAgUQABjvBcICCBAAGIAEGKIEwgIIEAAYFhgeGAqYAwCSBwUxNC4yMKAH5tUBsgcENi4yMLgHjhfCBwgyLTEuOC4yNcgH4gWACAE&amp;sclient=gws-wiz-serp#fpstate=ive&amp;vld=cid:1dfd0306,vid:8qYpxU8CY2Y,st:0\"><em>La Guerre de Cent ans r\u00e9sum\u00e9e en 2 minutes<\/em>, Le Centre des monuments nationaux, 2022.<\/a><\/li><li><em>1315 Morgarten<\/em>, Le point de Bascule, Tik Tok, 2025.<\/li><\/ul>\t\t\t\t\t\t\t\t<\/div>\n\t\t\t\t\t<\/div>\n\t\t\t\t<\/div>\n\t\t<div class=\"elementor-element elementor-element-03d87df e-flex e-con-boxed e-con e-parent\" data-id=\"03d87df\" data-element_type=\"container\" data-e-type=\"container\">\n\t\t\t\t\t<div class=\"e-con-inner\">\n\t\t\t\t\t<\/div>\n\t\t\t\t<\/div>\n\t\t\t\t<\/div>\n\t\t","protected":false},"excerpt":{"rendered":"<p>Quel est-ce que le Moyen \u00c2ge ? Que sont les royaumes barbares ? Les invasions barbares &#8211; Je r\u00e9vise avec toi, 2022. Carte des Royaumes barbares au d\u00e9but du VIe si\u00e8cle, plan d&rsquo;\u00e9tude romand, Histoire 9e, Moyens d&rsquo;enseignement romands. Qui sont les rois m\u00e9rovingiens et les rois carolingiens ? L&rsquo;\u00c9glise &#8211; Je r\u00e9vise avec toi, [&hellip;]<\/p>\n","protected":false},"author":2,"featured_media":0,"comment_status":"open","ping_status":"open","sticky":false,"template":"elementor_canvas","format":"standard","meta":{"om_disable_all_campaigns":false,"_monsterinsights_skip_tracking":false,"ngg_post_thumbnail":0,"ocean_front_end_style_editor":"no","ocean_post_layout":"full-width","ocean_both_sidebars_style":"","ocean_both_sidebars_content_width":0,"ocean_both_sidebars_sidebars_width":0,"ocean_sidebar":"0","ocean_second_sidebar":"0","ocean_disable_margins":"enable","ocean_add_body_class":"","ocean_shortcode_before_top_bar":"","ocean_shortcode_after_top_bar":"","ocean_shortcode_before_header":"","ocean_shortcode_after_header":"","ocean_has_shortcode":"","ocean_shortcode_after_title":"","ocean_shortcode_before_footer_widgets":"","ocean_shortcode_after_footer_widgets":"","ocean_shortcode_before_footer_bottom":"","ocean_shortcode_after_footer_bottom":"","ocean_display_top_bar":"off","ocean_display_header":"default","ocean_header_style":"","ocean_center_header_left_menu":"0","ocean_custom_header_template":"0","ocean_custom_logo":935,"ocean_custom_retina_logo":0,"ocean_custom_logo_max_width":0,"ocean_custom_logo_tablet_max_width":0,"ocean_custom_logo_mobile_max_width":0,"ocean_custom_logo_max_height":0,"ocean_custom_logo_tablet_max_height":0,"ocean_custom_logo_mobile_max_height":0,"ocean_header_custom_menu":"0","ocean_menu_typo_font_family":"0","ocean_menu_typo_font_subset":"","ocean_menu_typo_font_size":0,"ocean_menu_typo_font_size_tablet":0,"ocean_menu_typo_font_size_mobile":0,"ocean_menu_typo_font_size_unit":"px","ocean_menu_typo_font_weight":"","ocean_menu_typo_font_weight_tablet":"","ocean_menu_typo_font_weight_mobile":"","ocean_menu_typo_transform":"","ocean_menu_typo_transform_tablet":"","ocean_menu_typo_transform_mobile":"","ocean_menu_typo_line_height":0,"ocean_menu_typo_line_height_tablet":0,"ocean_menu_typo_line_height_mobile":0,"ocean_menu_typo_line_height_unit":"","ocean_menu_typo_spacing":0,"ocean_menu_typo_spacing_tablet":0,"ocean_menu_typo_spacing_mobile":0,"ocean_menu_typo_spacing_unit":"","ocean_menu_link_color":"","ocean_menu_link_color_hover":"","ocean_menu_link_color_active":"","ocean_menu_link_background":"","ocean_menu_link_hover_background":"","ocean_menu_link_active_background":"","ocean_menu_social_links_bg":"","ocean_menu_social_hover_links_bg":"","ocean_menu_social_links_color":"#000000","ocean_menu_social_hover_links_color":"","ocean_disable_title":"on","ocean_disable_heading":"default","ocean_post_title":"","ocean_post_subheading":"","ocean_post_title_style":"","ocean_post_title_background_color":"","ocean_post_title_background":0,"ocean_post_title_bg_image_position":"","ocean_post_title_bg_image_attachment":"","ocean_post_title_bg_image_repeat":"","ocean_post_title_bg_image_size":"","ocean_post_title_height":0,"ocean_post_title_bg_overlay":0.5,"ocean_post_title_bg_overlay_color":"","ocean_disable_breadcrumbs":"default","ocean_breadcrumbs_color":"","ocean_breadcrumbs_separator_color":"","ocean_breadcrumbs_links_color":"","ocean_breadcrumbs_links_hover_color":"","ocean_display_footer_widgets":"default","ocean_display_footer_bottom":"default","ocean_custom_footer_template":"0","ocean_post_oembed":"","ocean_post_self_hosted_media":"","ocean_post_video_embed":"","ocean_link_format":"","ocean_link_format_target":"self","ocean_quote_format":"","ocean_quote_format_link":"post","ocean_gallery_link_images":"off","ocean_gallery_id":[],"footnotes":""},"categories":[2],"tags":[4],"class_list":["post-2050","post","type-post","status-publish","format-standard","hentry","category-tricks","tag-tricks","entry"],"aioseo_notices":[],"aioseo_head":"\n\t\t<!-- All in One SEO 5.0.1.1 - aioseo.com -->\n\t<meta name=\"description\" content=\"Quel est-ce que le Moyen \u00c2ge ? Que sont les royaumes barbares ? Les invasions barbares \u2013 Je r\u00e9vise avec toi, 2022.Carte des Royaumes barbares au d\u00e9but du VIe si\u00e8cle, plan d\u2019\u00e9tude romand, Histoire 9e, Moyens d\u2019enseignement romands. Qui sont les rois m\u00e9rovingiens et les rois carolingiens ? L\u2019\u00c9glise \u2013 Je r\u00e9vise avec toi, 2021.Charlemagne\" \/>\n\t<meta name=\"robots\" content=\"max-image-preview:large\" \/>\n\t<meta name=\"author\" content=\"Dudu2020\"\/>\n\t<meta name=\"google-site-verification\" content=\"7bxG99gel-32J06cJr-ZTYv6crOv-lwVVid-3DJwy2I\" \/>\n\t<link rel=\"canonical\" href=\"https:\/\/educa.cedric-dupraz.ch\/?p=2050\" \/>\n\t<meta name=\"generator\" content=\"All in One SEO (AIOSEO) 5.0.1.1\" \/>\n\t\t<meta property=\"og:locale\" content=\"fr_FR\" \/>\n\t\t<meta property=\"og:site_name\" content=\"\u00c9ducation -\" \/>\n\t\t<meta property=\"og:type\" content=\"article\" \/>\n\t\t<meta property=\"og:title\" content=\"Ressources sur le Moyen \u00c2ge - \u00c9ducation\" \/>\n\t\t<meta property=\"og:description\" content=\"Quel est-ce que le Moyen \u00c2ge ? Que sont les royaumes barbares ? Les invasions barbares \u2013 Je r\u00e9vise avec toi, 2022.Carte des Royaumes barbares au d\u00e9but du VIe si\u00e8cle, plan d\u2019\u00e9tude romand, Histoire 9e, Moyens d\u2019enseignement romands. Qui sont les rois m\u00e9rovingiens et les rois carolingiens ? L\u2019\u00c9glise \u2013 Je r\u00e9vise avec toi, 2021.Charlemagne\" \/>\n\t\t<meta property=\"og:url\" content=\"https:\/\/educa.cedric-dupraz.ch\/?p=2050\" \/>\n\t\t<meta property=\"og:image\" content=\"https:\/\/educa.cedric-dupraz.ch\/wp-content\/uploads\/2025\/07\/logo-site.png\" \/>\n\t\t<meta property=\"og:image:secure_url\" content=\"https:\/\/educa.cedric-dupraz.ch\/wp-content\/uploads\/2025\/07\/logo-site.png\" \/>\n\t\t<meta property=\"article:published_time\" content=\"2025-10-10T18:10:14+00:00\" \/>\n\t\t<meta property=\"article:modified_time\" content=\"2026-06-15T07:08:37+00:00\" \/>\n\t\t<meta name=\"twitter:card\" content=\"summary_large_image\" \/>\n\t\t<meta name=\"twitter:title\" content=\"Ressources sur le Moyen \u00c2ge - \u00c9ducation\" \/>\n\t\t<meta name=\"twitter:description\" content=\"Quel est-ce que le Moyen \u00c2ge ? Que sont les royaumes barbares ? Les invasions barbares \u2013 Je r\u00e9vise avec toi, 2022.Carte des Royaumes barbares au d\u00e9but du VIe si\u00e8cle, plan d\u2019\u00e9tude romand, Histoire 9e, Moyens d\u2019enseignement romands. Qui sont les rois m\u00e9rovingiens et les rois carolingiens ? L\u2019\u00c9glise \u2013 Je r\u00e9vise avec toi, 2021.Charlemagne\" \/>\n\t\t<meta name=\"twitter:image\" content=\"https:\/\/educa.cedric-dupraz.ch\/wp-content\/uploads\/2025\/07\/logo-site.png\" \/>\n\t\t<script type=\"application\/ld+json\" class=\"aioseo-schema\">\n\t\t\t{\"@context\":\"https:\\\/\\\/schema.org\",\"@graph\":[{\"@type\":\"BlogPosting\",\"@id\":\"https:\\\/\\\/educa.cedric-dupraz.ch\\\/?p=2050#blogposting\",\"name\":\"Ressources sur le Moyen \\u00c2ge - \\u00c9ducation\",\"headline\":\"Ressources sur le Moyen \\u00c2ge\",\"author\":{\"@id\":\"https:\\\/\\\/educa.cedric-dupraz.ch\\\/?author=2#author\"},\"publisher\":{\"@id\":\"https:\\\/\\\/educa.cedric-dupraz.ch\\\/#organization\"},\"image\":{\"@type\":\"ImageObject\",\"url\":\"https:\\\/\\\/educa.cedric-dupraz.ch\\\/wp-content\\\/uploads\\\/2025\\\/07\\\/logo-site.png\",\"@id\":\"https:\\\/\\\/educa.cedric-dupraz.ch\\\/#articleImage\",\"width\":127,\"height\":29},\"datePublished\":\"2025-10-10T18:10:14+00:00\",\"dateModified\":\"2026-06-15T07:08:37+00:00\",\"inLanguage\":\"fr-FR\",\"mainEntityOfPage\":{\"@id\":\"https:\\\/\\\/educa.cedric-dupraz.ch\\\/?p=2050#webpage\"},\"isPartOf\":{\"@id\":\"https:\\\/\\\/educa.cedric-dupraz.ch\\\/?p=2050#webpage\"},\"articleSection\":\"Tricks, Tricks\"},{\"@type\":\"BreadcrumbList\",\"@id\":\"https:\\\/\\\/educa.cedric-dupraz.ch\\\/?p=2050#breadcrumblist\",\"itemListElement\":[{\"@type\":\"ListItem\",\"@id\":\"https:\\\/\\\/educa.cedric-dupraz.ch#listItem\",\"position\":1,\"name\":\"Home\",\"item\":\"https:\\\/\\\/educa.cedric-dupraz.ch\",\"nextItem\":{\"@type\":\"ListItem\",\"@id\":\"https:\\\/\\\/educa.cedric-dupraz.ch\\\/?cat=2#listItem\",\"name\":\"Tricks\"}},{\"@type\":\"ListItem\",\"@id\":\"https:\\\/\\\/educa.cedric-dupraz.ch\\\/?cat=2#listItem\",\"position\":2,\"name\":\"Tricks\",\"item\":\"https:\\\/\\\/educa.cedric-dupraz.ch\\\/?cat=2\",\"nextItem\":{\"@type\":\"ListItem\",\"@id\":\"https:\\\/\\\/educa.cedric-dupraz.ch\\\/?p=2050#listItem\",\"name\":\"Ressources sur le Moyen \\u00c2ge\"},\"previousItem\":{\"@type\":\"ListItem\",\"@id\":\"https:\\\/\\\/educa.cedric-dupraz.ch#listItem\",\"name\":\"Home\"}},{\"@type\":\"ListItem\",\"@id\":\"https:\\\/\\\/educa.cedric-dupraz.ch\\\/?p=2050#listItem\",\"position\":3,\"name\":\"Ressources sur le Moyen \\u00c2ge\",\"previousItem\":{\"@type\":\"ListItem\",\"@id\":\"https:\\\/\\\/educa.cedric-dupraz.ch\\\/?cat=2#listItem\",\"name\":\"Tricks\"}}]},{\"@type\":\"Organization\",\"@id\":\"https:\\\/\\\/educa.cedric-dupraz.ch\\\/#organization\",\"name\":\"\\u00c9ducation\",\"url\":\"https:\\\/\\\/educa.cedric-dupraz.ch\\\/\",\"logo\":{\"@type\":\"ImageObject\",\"url\":\"https:\\\/\\\/educa.cedric-dupraz.ch\\\/wp-content\\\/uploads\\\/2025\\\/07\\\/logo-site.png\",\"@id\":\"https:\\\/\\\/educa.cedric-dupraz.ch\\\/?p=2050\\\/#organizationLogo\",\"width\":127,\"height\":29},\"image\":{\"@id\":\"https:\\\/\\\/educa.cedric-dupraz.ch\\\/?p=2050\\\/#organizationLogo\"}},{\"@type\":\"Person\",\"@id\":\"https:\\\/\\\/educa.cedric-dupraz.ch\\\/?author=2#author\",\"url\":\"https:\\\/\\\/educa.cedric-dupraz.ch\\\/?author=2\",\"name\":\"Dudu2020\",\"image\":{\"@type\":\"ImageObject\",\"@id\":\"https:\\\/\\\/educa.cedric-dupraz.ch\\\/?p=2050#authorImage\",\"url\":\"https:\\\/\\\/secure.gravatar.com\\\/avatar\\\/24f762468b417704611fc93ea8c3d296715673199f0f3b5d561cb850e6cc9f2f?s=96&d=mm&r=g\",\"width\":96,\"height\":96,\"caption\":\"Dudu2020\"}},{\"@type\":\"WebPage\",\"@id\":\"https:\\\/\\\/educa.cedric-dupraz.ch\\\/?p=2050#webpage\",\"url\":\"https:\\\/\\\/educa.cedric-dupraz.ch\\\/?p=2050\",\"name\":\"Ressources sur le Moyen \\u00c2ge - \\u00c9ducation\",\"description\":\"Quel est-ce que le Moyen \\u00c2ge ? Que sont les royaumes barbares ? Les invasions barbares \\u2013 Je r\\u00e9vise avec toi, 2022.Carte des Royaumes barbares au d\\u00e9but du VIe si\\u00e8cle, plan d\\u2019\\u00e9tude romand, Histoire 9e, Moyens d\\u2019enseignement romands. Qui sont les rois m\\u00e9rovingiens et les rois carolingiens ? L\\u2019\\u00c9glise \\u2013 Je r\\u00e9vise avec toi, 2021.Charlemagne\",\"inLanguage\":\"fr-FR\",\"isPartOf\":{\"@id\":\"https:\\\/\\\/educa.cedric-dupraz.ch\\\/#website\"},\"breadcrumb\":{\"@id\":\"https:\\\/\\\/educa.cedric-dupraz.ch\\\/?p=2050#breadcrumblist\"},\"author\":{\"@id\":\"https:\\\/\\\/educa.cedric-dupraz.ch\\\/?author=2#author\"},\"creator\":{\"@id\":\"https:\\\/\\\/educa.cedric-dupraz.ch\\\/?author=2#author\"},\"datePublished\":\"2025-10-10T18:10:14+00:00\",\"dateModified\":\"2026-06-15T07:08:37+00:00\"},{\"@type\":\"WebSite\",\"@id\":\"https:\\\/\\\/educa.cedric-dupraz.ch\\\/#website\",\"url\":\"https:\\\/\\\/educa.cedric-dupraz.ch\\\/\",\"name\":\"\\u00c9ducation\",\"inLanguage\":\"fr-FR\",\"publisher\":{\"@id\":\"https:\\\/\\\/educa.cedric-dupraz.ch\\\/#organization\"}}]}\n\t\t<\/script>\n\t\t<!-- All in One SEO -->\n\n","aioseo_head_json":{"title":"Ressources sur le Moyen \u00c2ge - \u00c9ducation","description":"Quel est-ce que le Moyen \u00c2ge ? Que sont les royaumes barbares ? Les invasions barbares \u2013 Je r\u00e9vise avec toi, 2022.Carte des Royaumes barbares au d\u00e9but du VIe si\u00e8cle, plan d\u2019\u00e9tude romand, Histoire 9e, Moyens d\u2019enseignement romands. Qui sont les rois m\u00e9rovingiens et les rois carolingiens ? L\u2019\u00c9glise \u2013 Je r\u00e9vise avec toi, 2021.Charlemagne","canonical_url":"https:\/\/educa.cedric-dupraz.ch\/?p=2050","robots":"max-image-preview:large","keywords":"","webmasterTools":{"google-site-verification":"7bxG99gel-32J06cJr-ZTYv6crOv-lwVVid-3DJwy2I","miscellaneous":""},"schema":{"@context":"https:\/\/schema.org","@graph":[{"@type":"BlogPosting","@id":"https:\/\/educa.cedric-dupraz.ch\/?p=2050#blogposting","name":"Ressources sur le Moyen \u00c2ge - \u00c9ducation","headline":"Ressources sur le Moyen \u00c2ge","author":{"@id":"https:\/\/educa.cedric-dupraz.ch\/?author=2#author"},"publisher":{"@id":"https:\/\/educa.cedric-dupraz.ch\/#organization"},"image":{"@type":"ImageObject","url":"https:\/\/educa.cedric-dupraz.ch\/wp-content\/uploads\/2025\/07\/logo-site.png","@id":"https:\/\/educa.cedric-dupraz.ch\/#articleImage","width":127,"height":29},"datePublished":"2025-10-10T18:10:14+00:00","dateModified":"2026-06-15T07:08:37+00:00","inLanguage":"fr-FR","mainEntityOfPage":{"@id":"https:\/\/educa.cedric-dupraz.ch\/?p=2050#webpage"},"isPartOf":{"@id":"https:\/\/educa.cedric-dupraz.ch\/?p=2050#webpage"},"articleSection":"Tricks, Tricks"},{"@type":"BreadcrumbList","@id":"https:\/\/educa.cedric-dupraz.ch\/?p=2050#breadcrumblist","itemListElement":[{"@type":"ListItem","@id":"https:\/\/educa.cedric-dupraz.ch#listItem","position":1,"name":"Home","item":"https:\/\/educa.cedric-dupraz.ch","nextItem":{"@type":"ListItem","@id":"https:\/\/educa.cedric-dupraz.ch\/?cat=2#listItem","name":"Tricks"}},{"@type":"ListItem","@id":"https:\/\/educa.cedric-dupraz.ch\/?cat=2#listItem","position":2,"name":"Tricks","item":"https:\/\/educa.cedric-dupraz.ch\/?cat=2","nextItem":{"@type":"ListItem","@id":"https:\/\/educa.cedric-dupraz.ch\/?p=2050#listItem","name":"Ressources sur le Moyen \u00c2ge"},"previousItem":{"@type":"ListItem","@id":"https:\/\/educa.cedric-dupraz.ch#listItem","name":"Home"}},{"@type":"ListItem","@id":"https:\/\/educa.cedric-dupraz.ch\/?p=2050#listItem","position":3,"name":"Ressources sur le Moyen \u00c2ge","previousItem":{"@type":"ListItem","@id":"https:\/\/educa.cedric-dupraz.ch\/?cat=2#listItem","name":"Tricks"}}]},{"@type":"Organization","@id":"https:\/\/educa.cedric-dupraz.ch\/#organization","name":"\u00c9ducation","url":"https:\/\/educa.cedric-dupraz.ch\/","logo":{"@type":"ImageObject","url":"https:\/\/educa.cedric-dupraz.ch\/wp-content\/uploads\/2025\/07\/logo-site.png","@id":"https:\/\/educa.cedric-dupraz.ch\/?p=2050\/#organizationLogo","width":127,"height":29},"image":{"@id":"https:\/\/educa.cedric-dupraz.ch\/?p=2050\/#organizationLogo"}},{"@type":"Person","@id":"https:\/\/educa.cedric-dupraz.ch\/?author=2#author","url":"https:\/\/educa.cedric-dupraz.ch\/?author=2","name":"Dudu2020","image":{"@type":"ImageObject","@id":"https:\/\/educa.cedric-dupraz.ch\/?p=2050#authorImage","url":"https:\/\/secure.gravatar.com\/avatar\/24f762468b417704611fc93ea8c3d296715673199f0f3b5d561cb850e6cc9f2f?s=96&d=mm&r=g","width":96,"height":96,"caption":"Dudu2020"}},{"@type":"WebPage","@id":"https:\/\/educa.cedric-dupraz.ch\/?p=2050#webpage","url":"https:\/\/educa.cedric-dupraz.ch\/?p=2050","name":"Ressources sur le Moyen \u00c2ge - \u00c9ducation","description":"Quel est-ce que le Moyen \u00c2ge ? Que sont les royaumes barbares ? Les invasions barbares \u2013 Je r\u00e9vise avec toi, 2022.Carte des Royaumes barbares au d\u00e9but du VIe si\u00e8cle, plan d\u2019\u00e9tude romand, Histoire 9e, Moyens d\u2019enseignement romands. Qui sont les rois m\u00e9rovingiens et les rois carolingiens ? L\u2019\u00c9glise \u2013 Je r\u00e9vise avec toi, 2021.Charlemagne","inLanguage":"fr-FR","isPartOf":{"@id":"https:\/\/educa.cedric-dupraz.ch\/#website"},"breadcrumb":{"@id":"https:\/\/educa.cedric-dupraz.ch\/?p=2050#breadcrumblist"},"author":{"@id":"https:\/\/educa.cedric-dupraz.ch\/?author=2#author"},"creator":{"@id":"https:\/\/educa.cedric-dupraz.ch\/?author=2#author"},"datePublished":"2025-10-10T18:10:14+00:00","dateModified":"2026-06-15T07:08:37+00:00"},{"@type":"WebSite","@id":"https:\/\/educa.cedric-dupraz.ch\/#website","url":"https:\/\/educa.cedric-dupraz.ch\/","name":"\u00c9ducation","inLanguage":"fr-FR","publisher":{"@id":"https:\/\/educa.cedric-dupraz.ch\/#organization"}}]},"og:locale":"fr_FR","og:site_name":"\u00c9ducation -","og:type":"article","og:title":"Ressources sur le Moyen \u00c2ge - \u00c9ducation","og:description":"Quel est-ce que le Moyen \u00c2ge ? Que sont les royaumes barbares ? Les invasions barbares \u2013 Je r\u00e9vise avec toi, 2022.Carte des Royaumes barbares au d\u00e9but du VIe si\u00e8cle, plan d\u2019\u00e9tude romand, Histoire 9e, Moyens d\u2019enseignement romands. Qui sont les rois m\u00e9rovingiens et les rois carolingiens ? L\u2019\u00c9glise \u2013 Je r\u00e9vise avec toi, 2021.Charlemagne","og:url":"https:\/\/educa.cedric-dupraz.ch\/?p=2050","og:image":"https:\/\/educa.cedric-dupraz.ch\/wp-content\/uploads\/2025\/07\/logo-site.png","og:image:secure_url":"https:\/\/educa.cedric-dupraz.ch\/wp-content\/uploads\/2025\/07\/logo-site.png","article:published_time":"2025-10-10T18:10:14+00:00","article:modified_time":"2026-06-15T07:08:37+00:00","twitter:card":"summary_large_image","twitter:title":"Ressources sur le Moyen \u00c2ge - \u00c9ducation","twitter:description":"Quel est-ce que le Moyen \u00c2ge ? Que sont les royaumes barbares ? Les invasions barbares \u2013 Je r\u00e9vise avec toi, 2022.Carte des Royaumes barbares au d\u00e9but du VIe si\u00e8cle, plan d\u2019\u00e9tude romand, Histoire 9e, Moyens d\u2019enseignement romands. Qui sont les rois m\u00e9rovingiens et les rois carolingiens ? L\u2019\u00c9glise \u2013 Je r\u00e9vise avec toi, 2021.Charlemagne","twitter:image":"https:\/\/educa.cedric-dupraz.ch\/wp-content\/uploads\/2025\/07\/logo-site.png"},"aioseo_meta_data":{"post_id":"2050","title":null,"description":null,"keywords":null,"keyphrases":{"focus":[],"additional":[]},"primary_term":null,"canonical_url":null,"og_title":null,"og_description":null,"og_object_type":"default","og_image_type":"default","og_image_url":null,"og_image_width":null,"og_image_height":null,"og_image_custom_url":null,"og_image_custom_fields":null,"og_video":"","og_custom_url":null,"og_article_section":null,"og_article_tags":null,"twitter_use_og":false,"twitter_card":"default","twitter_image_type":"default","twitter_image_url":null,"twitter_image_custom_url":null,"twitter_image_custom_fields":null,"twitter_title":null,"twitter_description":null,"schema":{"blockGraphs":[],"customGraphs":[],"default":{"data":{"Article":[],"Course":[],"Dataset":[],"FAQPage":[],"Movie":[],"Person":[],"Product":[],"ProductReview":[],"Car":[],"Recipe":[],"Service":[],"SoftwareApplication":[],"WebPage":[]},"graphName":"BlogPosting","isEnabled":true},"graphs":[]},"schema_type":"default","schema_type_options":null,"pillar_content":false,"robots_default":true,"robots_noindex":false,"robots_noarchive":false,"robots_nosnippet":false,"robots_nofollow":false,"robots_noimageindex":false,"robots_noodp":false,"robots_notranslate":false,"robots_max_snippet":"-1","robots_max_videopreview":"-1","robots_max_imagepreview":"large","priority":null,"frequency":"default","local_seo":null,"breadcrumb_settings":null,"limit_modified_date":false,"ai":{"faqs":[],"keyPoints":[],"schemas":[],"titles":[],"descriptions":[],"socialPosts":{"email":[],"linkedin":[],"twitter":[],"facebook":[],"instagram":[]}},"created":"2025-10-10 18:10:16","updated":"2026-08-31 16:55:47","seo_analyzer_scan_date":null,"focus_keyword":null,"additional_keywords":null,"truseo_locale":null},"aioseo_breadcrumb":"<div class=\"aioseo-breadcrumbs\"><span class=\"aioseo-breadcrumb\">\n\t\t\t<a href=\"https:\/\/educa.cedric-dupraz.ch\" title=\"Home\">Home<\/a>\n\t\t<\/span><span class=\"aioseo-breadcrumb-separator\">&raquo;<\/span><span class=\"aioseo-breadcrumb\">\n\t\t\t<a href=\"https:\/\/educa.cedric-dupraz.ch\/?cat=2\" title=\"Tricks\">Tricks<\/a>\n\t\t<\/span><span class=\"aioseo-breadcrumb-separator\">&raquo;<\/span><span class=\"aioseo-breadcrumb\">\n\t\t\tRessources sur le Moyen \u00c2ge\n\t\t<\/span><\/div>","aioseo_breadcrumb_json":[{"label":"Home","link":"https:\/\/educa.cedric-dupraz.ch"},{"label":"Tricks","link":"https:\/\/educa.cedric-dupraz.ch\/?cat=2"},{"label":"Ressources sur le Moyen \u00c2ge","link":"https:\/\/educa.cedric-dupraz.ch\/?p=2050"}],"_links":{"self":[{"href":"https:\/\/educa.cedric-dupraz.ch\/index.php?rest_route=\/wp\/v2\/posts\/2050","targetHints":{"allow":["GET"]}}],"collection":[{"href":"https:\/\/educa.cedric-dupraz.ch\/index.php?rest_route=\/wp\/v2\/posts"}],"about":[{"href":"https:\/\/educa.cedric-dupraz.ch\/index.php?rest_route=\/wp\/v2\/types\/post"}],"author":[{"embeddable":true,"href":"https:\/\/educa.cedric-dupraz.ch\/index.php?rest_route=\/wp\/v2\/users\/2"}],"replies":[{"embeddable":true,"href":"https:\/\/educa.cedric-dupraz.ch\/index.php?rest_route=%2Fwp%2Fv2%2Fcomments&post=2050"}],"version-history":[{"count":46,"href":"https:\/\/educa.cedric-dupraz.ch\/index.php?rest_route=\/wp\/v2\/posts\/2050\/revisions"}],"predecessor-version":[{"id":4607,"href":"https:\/\/educa.cedric-dupraz.ch\/index.php?rest_route=\/wp\/v2\/posts\/2050\/revisions\/4607"}],"wp:attachment":[{"href":"https:\/\/educa.cedric-dupraz.ch\/index.php?rest_route=%2Fwp%2Fv2%2Fmedia&parent=2050"}],"wp:term":[{"taxonomy":"category","embeddable":true,"href":"https:\/\/educa.cedric-dupraz.ch\/index.php?rest_route=%2Fwp%2Fv2%2Fcategories&post=2050"},{"taxonomy":"post_tag","embeddable":true,"href":"https:\/\/educa.cedric-dupraz.ch\/index.php?rest_route=%2Fwp%2Fv2%2Ftags&post=2050"}],"curies":[{"name":"wp","href":"https:\/\/api.w.org\/{rel}","templated":true}]}}