{"id":1353,"date":"2025-08-05T09:15:59","date_gmt":"2025-08-05T09:15:59","guid":{"rendered":"https:\/\/educa.cedric-dupraz.ch\/?p=1353"},"modified":"2026-03-31T20:28:19","modified_gmt":"2026-03-31T20:28:19","slug":"ressources-sur-la-politique-la-citoyennete-letat-et-la-democratie","status":"publish","type":"post","link":"https:\/\/educa.cedric-dupraz.ch\/?p=1353","title":{"rendered":"Ressources sur la Politique, la citoyennet\u00e9, l&rsquo;\u00c9tat et la d\u00e9mocratie"},"content":{"rendered":"\t\t<div data-elementor-type=\"wp-post\" data-elementor-id=\"1353\" class=\"elementor elementor-1353\">\n\t\t\t\t<div class=\"elementor-element elementor-element-7ecefed e-flex e-con-boxed e-con e-parent\" data-id=\"7ecefed\" data-element_type=\"container\" data-e-type=\"container\">\n\t\t\t\t\t<div class=\"e-con-inner\">\n\t\t\t\t<div class=\"elementor-element elementor-element-2554e66 elementor-widget elementor-widget-heading\" data-id=\"2554e66\" data-element_type=\"widget\" data-e-type=\"widget\" data-widget_type=\"heading.default\">\n\t\t\t\t\t<h2 class=\"elementor-heading-title elementor-size-default\">Qu'est-ce que la politique ?<\/h2>\t\t\t\t<\/div>\n\t\t\t\t\t<\/div>\n\t\t\t\t<\/div>\n\t\t<div class=\"elementor-element elementor-element-93f51df e-flex e-con-boxed e-con e-parent\" data-id=\"93f51df\" data-element_type=\"container\" data-e-type=\"container\">\n\t\t\t\t\t<div class=\"e-con-inner\">\n\t\t\t\t<div class=\"elementor-element elementor-element-4fbf5f3 elementor-widget elementor-widget-text-editor\" data-id=\"4fbf5f3\" data-element_type=\"widget\" data-e-type=\"widget\" data-widget_type=\"text-editor.default\">\n\t\t\t\t\t\t\t\t\t<ul><li><a href=\"https:\/\/educa.cedric-dupraz.ch\/wp-content\/uploads\/2025\/11\/Premier-Homme-resume_Frederic-Fougea_Jerome-Guiot_2016.mp4\"><em>Premiers hommes, le d\u00e9but de l\u2019Humanit\u00e9<\/em>, Fr\u00e9d\u00e9ric Vougea et J\u00e9r\u00f4me Guiot, g\u00e9n\u00e9rique, 2016.<\/a><\/li><li><a href=\"https:\/\/vimeo.com\/217162719\"><em>C&rsquo;est quoi, la politique ?<\/em> &#8211; 1 jour, 1 question, 2017.<\/a><\/li><\/ul>\t\t\t\t\t\t\t\t<\/div>\n\t\t\t\t\t<\/div>\n\t\t\t\t<\/div>\n\t\t<div class=\"elementor-element elementor-element-3a00ff7 e-flex e-con-boxed e-con e-parent\" data-id=\"3a00ff7\" data-element_type=\"container\" data-e-type=\"container\">\n\t\t\t\t\t<div class=\"e-con-inner\">\n\t\t\t\t<div class=\"elementor-element elementor-element-bcc3b27 elementor-widget elementor-widget-heading\" data-id=\"bcc3b27\" data-element_type=\"widget\" data-e-type=\"widget\" data-widget_type=\"heading.default\">\n\t\t\t\t\t<h2 class=\"elementor-heading-title elementor-size-default\">Pourquoi des organisations politiques ?<\/h2>\t\t\t\t<\/div>\n\t\t\t\t\t<\/div>\n\t\t\t\t<\/div>\n\t\t<div class=\"elementor-element elementor-element-261e62f e-flex e-con-boxed e-con e-parent\" data-id=\"261e62f\" data-element_type=\"container\" data-e-type=\"container\">\n\t\t\t\t\t<div class=\"e-con-inner\">\n\t\t\t\t<div class=\"elementor-element elementor-element-3d652ab elementor-widget elementor-widget-text-editor\" data-id=\"3d652ab\" data-element_type=\"widget\" data-e-type=\"widget\" data-widget_type=\"text-editor.default\">\n\t\t\t\t\t\t\t\t\t<ul><li><a href=\"https:\/\/www.rts.ch\/decouverte\/monde-et-societe\/economie-et-politique\/la-monarchie\/4998890-questce-quune-monarchie.html\">Qu&rsquo;est-ce qu&rsquo;une monarchie, RTS-d\u00e9couverte, 2013.<\/a>\u00a0<\/li><li><a href=\"https:\/\/www.rts.ch\/play\/tv\/-\/video\/-?urn=urn:rts:video:7063489\">La s\u00e9paration des pouvoirs, RTS-d\u00e9couverte, 2015<\/a><\/li><\/ul>\t\t\t\t\t\t\t\t<\/div>\n\t\t\t\t<div class=\"elementor-element elementor-element-8ac474c elementor-widget elementor-widget-heading\" data-id=\"8ac474c\" data-element_type=\"widget\" data-e-type=\"widget\" data-widget_type=\"heading.default\">\n\t\t\t\t\t<h2 class=\"elementor-heading-title elementor-size-default\">Qu'est-ce que la citoyennet\u00e9 ?<\/h2>\t\t\t\t<\/div>\n\t\t\t\t\t<\/div>\n\t\t\t\t<\/div>\n\t\t<div class=\"elementor-element elementor-element-ae54356 e-flex e-con-boxed e-con e-parent\" data-id=\"ae54356\" data-element_type=\"container\" data-e-type=\"container\">\n\t\t\t\t\t<div class=\"e-con-inner\">\n\t\t\t\t<div class=\"elementor-element elementor-element-c788253 elementor-widget elementor-widget-text-editor\" data-id=\"c788253\" data-element_type=\"widget\" data-e-type=\"widget\" data-widget_type=\"text-editor.default\">\n\t\t\t\t\t\t\t\t\t<ul><li><a href=\"https:\/\/www.rts.ch\/play\/tv\/rts-decouverte\/video\/histoire-suisse-a-quand-remonte-le-concept-de-citoyennete-suisse?urn=urn:rts:video:5335961\"><em>Histoire suisse &#8211; \u00e0 quand remonte le concept de citoyennet\u00e9 suisse<\/em>, RTS.CH, 2013.<\/a><\/li><li><a href=\"https:\/\/educa.cedric-dupraz.ch\/wp-content\/uploads\/2025\/09\/Devenir-citoyen-suisse-cest-pas-facile-Tik-Tok-2024.mp4\"><em>Devenir citoyen suisse, c&rsquo;est pas facile<\/em><\/a>, Clegal avocats, Tik Tok.<\/li><li><a href=\"https:\/\/www.bing.com\/videos\/search?q=costello+lopes+suisse&amp;&amp;view=detail&amp;mid=756135E8FF84DB346653756135E8FF84DB346653&amp;FORM=VRDGAR\"><em>Suisse ? Est-ce que les Suisses sont forts \u00e0 la guerre ?<\/em>, Costello-Lopes, 2023.<\/a><\/li><\/ul>\t\t\t\t\t\t\t\t<\/div>\n\t\t\t\t\t<\/div>\n\t\t\t\t<\/div>\n\t\t<div class=\"elementor-element elementor-element-8462133 e-flex e-con-boxed e-con e-parent\" data-id=\"8462133\" data-element_type=\"container\" data-e-type=\"container\">\n\t\t\t\t\t<div class=\"e-con-inner\">\n\t\t\t\t<div class=\"elementor-element elementor-element-5de0178 elementor-widget elementor-widget-heading\" data-id=\"5de0178\" data-element_type=\"widget\" data-e-type=\"widget\" data-widget_type=\"heading.default\">\n\t\t\t\t\t<h2 class=\"elementor-heading-title elementor-size-default\">Qu'est-ce que la constitution ?<\/h2>\t\t\t\t<\/div>\n\t\t\t\t\t<\/div>\n\t\t\t\t<\/div>\n\t\t<div class=\"elementor-element elementor-element-78c7a6e e-flex e-con-boxed e-con e-parent\" data-id=\"78c7a6e\" data-element_type=\"container\" data-e-type=\"container\">\n\t\t\t\t\t<div class=\"e-con-inner\">\n\t\t\t\t<div class=\"elementor-element elementor-element-cb4fd29 elementor-widget elementor-widget-text-editor\" data-id=\"cb4fd29\" data-element_type=\"widget\" data-e-type=\"widget\" data-widget_type=\"text-editor.default\">\n\t\t\t\t\t\t\t\t\t<ul><li><a href=\"https:\/\/www.fedlex.admin.ch\/eli\/cc\/1999\/404\/fr\">Constitution suisse en ligne &#8211; Administration f\u00e9d\u00e9rale<\/a><\/li><li><a href=\"https:\/\/educa.cedric-dupraz.ch\/wp-content\/uploads\/2025\/08\/Consitution-federale.pdf\">Constitution f\u00e9d\u00e9rale pdf &#8211; Administration f\u00e9d\u00e9rale<\/a><\/li><li><a href=\"https:\/\/www.youtube.com\/watch?v=jZGsxvA2ar8\"><em>Suisse ! Pourquoi c&rsquo;est Berne la capitale ?<\/em>, Costello-Lopes, 2020.<\/a><\/li><li><a href=\"https:\/\/www.bing.com\/videos\/search?q=Le%20f%C3%A9d%C3%A9ralisme%20suisse%20et%20la%20d%C3%A9mocratie%20directe&amp;view=detail&amp;mid=51381E99542C90D3415951381E99542C90D34159&amp;ajaxhist=0\"><em>La Conf\u00e9d\u00e9ration en bref &#8211; Histoire de la Suisse<\/em>, 2024 : <span style=\"color: #000000;\">Panorama de l&rsquo;\u00e9volution de l&rsquo;histoire institutionnelle de la Suisse depuis 1291 \u00e0 aujourd&rsquo;hui.\u00a0<\/span><\/a><\/li><\/ul>\t\t\t\t\t\t\t\t<\/div>\n\t\t\t\t\t<\/div>\n\t\t\t\t<\/div>\n\t\t<div class=\"elementor-element elementor-element-ddca30c e-flex e-con-boxed e-con e-parent\" data-id=\"ddca30c\" data-element_type=\"container\" data-e-type=\"container\">\n\t\t\t\t\t<div class=\"e-con-inner\">\n\t\t\t\t<div class=\"elementor-element elementor-element-daf715e elementor-widget elementor-widget-heading\" data-id=\"daf715e\" data-element_type=\"widget\" data-e-type=\"widget\" data-widget_type=\"heading.default\">\n\t\t\t\t\t<h2 class=\"elementor-heading-title elementor-size-default\">Qu'est-ce que la d\u00e9mocratie ?<\/h2>\t\t\t\t<\/div>\n\t\t\t\t\t<\/div>\n\t\t\t\t<\/div>\n\t\t<div class=\"elementor-element elementor-element-0f76d9f e-flex e-con-boxed e-con e-parent\" data-id=\"0f76d9f\" data-element_type=\"container\" data-e-type=\"container\">\n\t\t\t\t\t<div class=\"e-con-inner\">\n\t\t\t\t<div class=\"elementor-element elementor-element-2aa2a06 elementor-widget elementor-widget-text-editor\" data-id=\"2aa2a06\" data-element_type=\"widget\" data-e-type=\"widget\" data-widget_type=\"text-editor.default\">\n\t\t\t\t\t\t\t\t\t<ul><li><a href=\"https:\/\/www.youtube.com\/watch?v=fw8lA9Z1Yow\"><em>Qu&rsquo;est ce que la d\u00e9mocratie? <\/em>&#8211; 1 jour, 1 question, 2016.<\/a><\/li><li><a href=\"https:\/\/www.youtube.com\/watch?v=Qw9pBh20lcc\"><em>La Conf\u00e9d\u00e9ration en bref &#8211; la s\u00e9paration des pouvoirs<\/em>, Conseil f\u00e9d\u00e9ral, 2024.\u00a0<\/a><\/li><li><a href=\"https:\/\/www.rts.ch\/play\/tv\/nouvo-news\/video\/qui-se-cache-derriere-nos-lobbies--episode-87?urn=urn:rts:video:10398048\">Qui se cache derri\u00e8re nos lobbies ?, Novo, RTS, 2015.<\/a><\/li><li><a href=\"https:\/\/educa.cedric-dupraz.ch\/wp-content\/uploads\/2026\/03\/France-culture_Rousseau_TikTok.mp4\"><em>Rousseau et la d\u00e9mocratie<\/em>, France Culture, Tiktok.\u00a0<\/a><\/li><\/ul>\t\t\t\t\t\t\t\t<\/div>\n\t\t\t\t\t<\/div>\n\t\t\t\t<\/div>\n\t\t<div class=\"elementor-element elementor-element-03d87df e-flex e-con-boxed e-con e-parent\" data-id=\"03d87df\" data-element_type=\"container\" data-e-type=\"container\">\n\t\t\t\t\t<div class=\"e-con-inner\">\n\t\t\t\t\t<\/div>\n\t\t\t\t<\/div>\n\t\t\t\t<\/div>\n\t\t","protected":false},"excerpt":{"rendered":"<p>Qu&rsquo;est-ce que la politique ? Premiers hommes, le d\u00e9but de l\u2019Humanit\u00e9, Fr\u00e9d\u00e9ric Vougea et J\u00e9r\u00f4me Guiot, g\u00e9n\u00e9rique, 2016. C&rsquo;est quoi, la politique ? &#8211; 1 jour, 1 question, 2017. Pourquoi des organisations politiques ? Qu&rsquo;est-ce qu&rsquo;une monarchie, RTS-d\u00e9couverte, 2013.\u00a0 La s\u00e9paration des pouvoirs, RTS-d\u00e9couverte, 2015 Qu&rsquo;est-ce que la citoyennet\u00e9 ? Histoire suisse &#8211; \u00e0 quand [&hellip;]<\/p>\n","protected":false},"author":2,"featured_media":0,"comment_status":"open","ping_status":"open","sticky":false,"template":"","format":"standard","meta":{"om_disable_all_campaigns":false,"_monsterinsights_skip_tracking":false,"ngg_post_thumbnail":0,"ocean_front_end_style_editor":"no","ocean_post_layout":"full-width","ocean_both_sidebars_style":"","ocean_both_sidebars_content_width":0,"ocean_both_sidebars_sidebars_width":0,"ocean_sidebar":"0","ocean_second_sidebar":"0","ocean_disable_margins":"enable","ocean_add_body_class":"","ocean_shortcode_before_top_bar":"","ocean_shortcode_after_top_bar":"","ocean_shortcode_before_header":"","ocean_shortcode_after_header":"","ocean_has_shortcode":"","ocean_shortcode_after_title":"","ocean_shortcode_before_footer_widgets":"","ocean_shortcode_after_footer_widgets":"","ocean_shortcode_before_footer_bottom":"","ocean_shortcode_after_footer_bottom":"","ocean_display_top_bar":"off","ocean_display_header":"default","ocean_header_style":"","ocean_center_header_left_menu":"0","ocean_custom_header_template":"0","ocean_custom_logo":935,"ocean_custom_retina_logo":0,"ocean_custom_logo_max_width":0,"ocean_custom_logo_tablet_max_width":0,"ocean_custom_logo_mobile_max_width":0,"ocean_custom_logo_max_height":0,"ocean_custom_logo_tablet_max_height":0,"ocean_custom_logo_mobile_max_height":0,"ocean_header_custom_menu":"0","ocean_menu_typo_font_family":"0","ocean_menu_typo_font_subset":"","ocean_menu_typo_font_size":0,"ocean_menu_typo_font_size_tablet":0,"ocean_menu_typo_font_size_mobile":0,"ocean_menu_typo_font_size_unit":"px","ocean_menu_typo_font_weight":"","ocean_menu_typo_font_weight_tablet":"","ocean_menu_typo_font_weight_mobile":"","ocean_menu_typo_transform":"","ocean_menu_typo_transform_tablet":"","ocean_menu_typo_transform_mobile":"","ocean_menu_typo_line_height":0,"ocean_menu_typo_line_height_tablet":0,"ocean_menu_typo_line_height_mobile":0,"ocean_menu_typo_line_height_unit":"","ocean_menu_typo_spacing":0,"ocean_menu_typo_spacing_tablet":0,"ocean_menu_typo_spacing_mobile":0,"ocean_menu_typo_spacing_unit":"","ocean_menu_link_color":"","ocean_menu_link_color_hover":"","ocean_menu_link_color_active":"","ocean_menu_link_background":"","ocean_menu_link_hover_background":"","ocean_menu_link_active_background":"","ocean_menu_social_links_bg":"","ocean_menu_social_hover_links_bg":"","ocean_menu_social_links_color":"#000000","ocean_menu_social_hover_links_color":"","ocean_disable_title":"on","ocean_disable_heading":"default","ocean_post_title":"","ocean_post_subheading":"","ocean_post_title_style":"","ocean_post_title_background_color":"","ocean_post_title_background":0,"ocean_post_title_bg_image_position":"","ocean_post_title_bg_image_attachment":"","ocean_post_title_bg_image_repeat":"","ocean_post_title_bg_image_size":"","ocean_post_title_height":0,"ocean_post_title_bg_overlay":0.5,"ocean_post_title_bg_overlay_color":"","ocean_disable_breadcrumbs":"default","ocean_breadcrumbs_color":"","ocean_breadcrumbs_separator_color":"","ocean_breadcrumbs_links_color":"","ocean_breadcrumbs_links_hover_color":"","ocean_display_footer_widgets":"default","ocean_display_footer_bottom":"default","ocean_custom_footer_template":"0","ocean_post_oembed":"","ocean_post_self_hosted_media":"","ocean_post_video_embed":"","ocean_link_format":"","ocean_link_format_target":"self","ocean_quote_format":"","ocean_quote_format_link":"post","ocean_gallery_link_images":"off","ocean_gallery_id":[],"footnotes":""},"categories":[2],"tags":[4],"class_list":["post-1353","post","type-post","status-publish","format-standard","hentry","category-tricks","tag-tricks","entry"],"aioseo_notices":[],"aioseo_head":"\n\t\t<!-- All in One SEO 5.0.1.1 - aioseo.com -->\n\t<meta name=\"description\" content=\"Qu&#039;est-ce que la politique ? Premiers hommes, le d\u00e9but de l\u2019Humanit\u00e9, Fr\u00e9d\u00e9ric Vougea et J\u00e9r\u00f4me Guiot, g\u00e9n\u00e9rique, 2016.C\u2019est quoi, la politique ? \u2013 1 jour, 1 question, 2017. Pourquoi des organisations politiques ? Qu\u2019est-ce qu\u2019une monarchie, RTS-d\u00e9couverte, 2013. La s\u00e9paration des pouvoirs, RTS-d\u00e9couverte, 2015 Qu&#039;est-ce que la citoyennet\u00e9 ? Histoire suisse \u2013 \u00e0 quand remonte le\" \/>\n\t<meta name=\"robots\" content=\"max-image-preview:large\" \/>\n\t<meta name=\"author\" content=\"Dudu2020\"\/>\n\t<meta name=\"google-site-verification\" content=\"7bxG99gel-32J06cJr-ZTYv6crOv-lwVVid-3DJwy2I\" \/>\n\t<link rel=\"canonical\" href=\"https:\/\/educa.cedric-dupraz.ch\/?p=1353\" \/>\n\t<meta name=\"generator\" content=\"All in One SEO (AIOSEO) 5.0.1.1\" \/>\n\t\t<meta property=\"og:locale\" content=\"fr_FR\" \/>\n\t\t<meta property=\"og:site_name\" content=\"\u00c9ducation -\" \/>\n\t\t<meta property=\"og:type\" content=\"article\" \/>\n\t\t<meta property=\"og:title\" content=\"Ressources sur la Politique, la citoyennet\u00e9, l\u2019\u00c9tat et la d\u00e9mocratie - \u00c9ducation\" \/>\n\t\t<meta property=\"og:description\" content=\"Qu&#039;est-ce que la politique ? Premiers hommes, le d\u00e9but de l\u2019Humanit\u00e9, Fr\u00e9d\u00e9ric Vougea et J\u00e9r\u00f4me Guiot, g\u00e9n\u00e9rique, 2016.C\u2019est quoi, la politique ? \u2013 1 jour, 1 question, 2017. Pourquoi des organisations politiques ? Qu\u2019est-ce qu\u2019une monarchie, RTS-d\u00e9couverte, 2013. La s\u00e9paration des pouvoirs, RTS-d\u00e9couverte, 2015 Qu&#039;est-ce que la citoyennet\u00e9 ? Histoire suisse \u2013 \u00e0 quand remonte le\" \/>\n\t\t<meta property=\"og:url\" content=\"https:\/\/educa.cedric-dupraz.ch\/?p=1353\" \/>\n\t\t<meta property=\"og:image\" content=\"https:\/\/educa.cedric-dupraz.ch\/wp-content\/uploads\/2025\/07\/logo-site.png\" \/>\n\t\t<meta property=\"og:image:secure_url\" content=\"https:\/\/educa.cedric-dupraz.ch\/wp-content\/uploads\/2025\/07\/logo-site.png\" \/>\n\t\t<meta property=\"article:published_time\" content=\"2025-08-05T09:15:59+00:00\" \/>\n\t\t<meta property=\"article:modified_time\" content=\"2026-03-31T20:28:19+00:00\" \/>\n\t\t<meta name=\"twitter:card\" content=\"summary_large_image\" \/>\n\t\t<meta name=\"twitter:title\" content=\"Ressources sur la Politique, la citoyennet\u00e9, l\u2019\u00c9tat et la d\u00e9mocratie - \u00c9ducation\" \/>\n\t\t<meta name=\"twitter:description\" content=\"Qu&#039;est-ce que la politique ? Premiers hommes, le d\u00e9but de l\u2019Humanit\u00e9, Fr\u00e9d\u00e9ric Vougea et J\u00e9r\u00f4me Guiot, g\u00e9n\u00e9rique, 2016.C\u2019est quoi, la politique ? \u2013 1 jour, 1 question, 2017. Pourquoi des organisations politiques ? Qu\u2019est-ce qu\u2019une monarchie, RTS-d\u00e9couverte, 2013. La s\u00e9paration des pouvoirs, RTS-d\u00e9couverte, 2015 Qu&#039;est-ce que la citoyennet\u00e9 ? Histoire suisse \u2013 \u00e0 quand remonte le\" \/>\n\t\t<meta name=\"twitter:image\" content=\"https:\/\/educa.cedric-dupraz.ch\/wp-content\/uploads\/2025\/07\/logo-site.png\" \/>\n\t\t<script type=\"application\/ld+json\" class=\"aioseo-schema\">\n\t\t\t{\"@context\":\"https:\\\/\\\/schema.org\",\"@graph\":[{\"@type\":\"BlogPosting\",\"@id\":\"https:\\\/\\\/educa.cedric-dupraz.ch\\\/?p=1353#blogposting\",\"name\":\"Ressources sur la Politique, la citoyennet\\u00e9, l\\u2019\\u00c9tat et la d\\u00e9mocratie - \\u00c9ducation\",\"headline\":\"Ressources sur la Politique, la citoyennet\\u00e9, l&rsquo;\\u00c9tat et la d\\u00e9mocratie\",\"author\":{\"@id\":\"https:\\\/\\\/educa.cedric-dupraz.ch\\\/?author=2#author\"},\"publisher\":{\"@id\":\"https:\\\/\\\/educa.cedric-dupraz.ch\\\/#organization\"},\"image\":{\"@type\":\"ImageObject\",\"url\":\"https:\\\/\\\/educa.cedric-dupraz.ch\\\/wp-content\\\/uploads\\\/2025\\\/07\\\/logo-site.png\",\"@id\":\"https:\\\/\\\/educa.cedric-dupraz.ch\\\/#articleImage\",\"width\":127,\"height\":29},\"datePublished\":\"2025-08-05T09:15:59+00:00\",\"dateModified\":\"2026-03-31T20:28:19+00:00\",\"inLanguage\":\"fr-FR\",\"mainEntityOfPage\":{\"@id\":\"https:\\\/\\\/educa.cedric-dupraz.ch\\\/?p=1353#webpage\"},\"isPartOf\":{\"@id\":\"https:\\\/\\\/educa.cedric-dupraz.ch\\\/?p=1353#webpage\"},\"articleSection\":\"Tricks, Tricks\"},{\"@type\":\"BreadcrumbList\",\"@id\":\"https:\\\/\\\/educa.cedric-dupraz.ch\\\/?p=1353#breadcrumblist\",\"itemListElement\":[{\"@type\":\"ListItem\",\"@id\":\"https:\\\/\\\/educa.cedric-dupraz.ch#listItem\",\"position\":1,\"name\":\"Home\",\"item\":\"https:\\\/\\\/educa.cedric-dupraz.ch\",\"nextItem\":{\"@type\":\"ListItem\",\"@id\":\"https:\\\/\\\/educa.cedric-dupraz.ch\\\/?cat=2#listItem\",\"name\":\"Tricks\"}},{\"@type\":\"ListItem\",\"@id\":\"https:\\\/\\\/educa.cedric-dupraz.ch\\\/?cat=2#listItem\",\"position\":2,\"name\":\"Tricks\",\"item\":\"https:\\\/\\\/educa.cedric-dupraz.ch\\\/?cat=2\",\"nextItem\":{\"@type\":\"ListItem\",\"@id\":\"https:\\\/\\\/educa.cedric-dupraz.ch\\\/?p=1353#listItem\",\"name\":\"Ressources sur la Politique, la citoyennet\\u00e9, l&rsquo;\\u00c9tat et la d\\u00e9mocratie\"},\"previousItem\":{\"@type\":\"ListItem\",\"@id\":\"https:\\\/\\\/educa.cedric-dupraz.ch#listItem\",\"name\":\"Home\"}},{\"@type\":\"ListItem\",\"@id\":\"https:\\\/\\\/educa.cedric-dupraz.ch\\\/?p=1353#listItem\",\"position\":3,\"name\":\"Ressources sur la Politique, la citoyennet\\u00e9, l&rsquo;\\u00c9tat et la d\\u00e9mocratie\",\"previousItem\":{\"@type\":\"ListItem\",\"@id\":\"https:\\\/\\\/educa.cedric-dupraz.ch\\\/?cat=2#listItem\",\"name\":\"Tricks\"}}]},{\"@type\":\"Organization\",\"@id\":\"https:\\\/\\\/educa.cedric-dupraz.ch\\\/#organization\",\"name\":\"\\u00c9ducation\",\"url\":\"https:\\\/\\\/educa.cedric-dupraz.ch\\\/\",\"logo\":{\"@type\":\"ImageObject\",\"url\":\"https:\\\/\\\/educa.cedric-dupraz.ch\\\/wp-content\\\/uploads\\\/2025\\\/07\\\/logo-site.png\",\"@id\":\"https:\\\/\\\/educa.cedric-dupraz.ch\\\/?p=1353\\\/#organizationLogo\",\"width\":127,\"height\":29},\"image\":{\"@id\":\"https:\\\/\\\/educa.cedric-dupraz.ch\\\/?p=1353\\\/#organizationLogo\"}},{\"@type\":\"Person\",\"@id\":\"https:\\\/\\\/educa.cedric-dupraz.ch\\\/?author=2#author\",\"url\":\"https:\\\/\\\/educa.cedric-dupraz.ch\\\/?author=2\",\"name\":\"Dudu2020\",\"image\":{\"@type\":\"ImageObject\",\"@id\":\"https:\\\/\\\/educa.cedric-dupraz.ch\\\/?p=1353#authorImage\",\"url\":\"https:\\\/\\\/secure.gravatar.com\\\/avatar\\\/24f762468b417704611fc93ea8c3d296715673199f0f3b5d561cb850e6cc9f2f?s=96&d=mm&r=g\",\"width\":96,\"height\":96,\"caption\":\"Dudu2020\"}},{\"@type\":\"WebPage\",\"@id\":\"https:\\\/\\\/educa.cedric-dupraz.ch\\\/?p=1353#webpage\",\"url\":\"https:\\\/\\\/educa.cedric-dupraz.ch\\\/?p=1353\",\"name\":\"Ressources sur la Politique, la citoyennet\\u00e9, l\\u2019\\u00c9tat et la d\\u00e9mocratie - \\u00c9ducation\",\"description\":\"Qu'est-ce que la politique ? Premiers hommes, le d\\u00e9but de l\\u2019Humanit\\u00e9, Fr\\u00e9d\\u00e9ric Vougea et J\\u00e9r\\u00f4me Guiot, g\\u00e9n\\u00e9rique, 2016.C\\u2019est quoi, la politique ? \\u2013 1 jour, 1 question, 2017. Pourquoi des organisations politiques ? Qu\\u2019est-ce qu\\u2019une monarchie, RTS-d\\u00e9couverte, 2013. La s\\u00e9paration des pouvoirs, RTS-d\\u00e9couverte, 2015 Qu'est-ce que la citoyennet\\u00e9 ? Histoire suisse \\u2013 \\u00e0 quand remonte le\",\"inLanguage\":\"fr-FR\",\"isPartOf\":{\"@id\":\"https:\\\/\\\/educa.cedric-dupraz.ch\\\/#website\"},\"breadcrumb\":{\"@id\":\"https:\\\/\\\/educa.cedric-dupraz.ch\\\/?p=1353#breadcrumblist\"},\"author\":{\"@id\":\"https:\\\/\\\/educa.cedric-dupraz.ch\\\/?author=2#author\"},\"creator\":{\"@id\":\"https:\\\/\\\/educa.cedric-dupraz.ch\\\/?author=2#author\"},\"datePublished\":\"2025-08-05T09:15:59+00:00\",\"dateModified\":\"2026-03-31T20:28:19+00:00\"},{\"@type\":\"WebSite\",\"@id\":\"https:\\\/\\\/educa.cedric-dupraz.ch\\\/#website\",\"url\":\"https:\\\/\\\/educa.cedric-dupraz.ch\\\/\",\"name\":\"\\u00c9ducation\",\"inLanguage\":\"fr-FR\",\"publisher\":{\"@id\":\"https:\\\/\\\/educa.cedric-dupraz.ch\\\/#organization\"}}]}\n\t\t<\/script>\n\t\t<!-- All in One SEO -->\n\n","aioseo_head_json":{"title":"Ressources sur la Politique, la citoyennet\u00e9, l\u2019\u00c9tat et la d\u00e9mocratie - \u00c9ducation","description":"Qu'est-ce que la politique ? Premiers hommes, le d\u00e9but de l\u2019Humanit\u00e9, Fr\u00e9d\u00e9ric Vougea et J\u00e9r\u00f4me Guiot, g\u00e9n\u00e9rique, 2016.C\u2019est quoi, la politique ? \u2013 1 jour, 1 question, 2017. Pourquoi des organisations politiques ? Qu\u2019est-ce qu\u2019une monarchie, RTS-d\u00e9couverte, 2013. La s\u00e9paration des pouvoirs, RTS-d\u00e9couverte, 2015 Qu'est-ce que la citoyennet\u00e9 ? Histoire suisse \u2013 \u00e0 quand remonte le","canonical_url":"https:\/\/educa.cedric-dupraz.ch\/?p=1353","robots":"max-image-preview:large","keywords":"","webmasterTools":{"google-site-verification":"7bxG99gel-32J06cJr-ZTYv6crOv-lwVVid-3DJwy2I","miscellaneous":""},"schema":{"@context":"https:\/\/schema.org","@graph":[{"@type":"BlogPosting","@id":"https:\/\/educa.cedric-dupraz.ch\/?p=1353#blogposting","name":"Ressources sur la Politique, la citoyennet\u00e9, l\u2019\u00c9tat et la d\u00e9mocratie - \u00c9ducation","headline":"Ressources sur la Politique, la citoyennet\u00e9, l&rsquo;\u00c9tat et la d\u00e9mocratie","author":{"@id":"https:\/\/educa.cedric-dupraz.ch\/?author=2#author"},"publisher":{"@id":"https:\/\/educa.cedric-dupraz.ch\/#organization"},"image":{"@type":"ImageObject","url":"https:\/\/educa.cedric-dupraz.ch\/wp-content\/uploads\/2025\/07\/logo-site.png","@id":"https:\/\/educa.cedric-dupraz.ch\/#articleImage","width":127,"height":29},"datePublished":"2025-08-05T09:15:59+00:00","dateModified":"2026-03-31T20:28:19+00:00","inLanguage":"fr-FR","mainEntityOfPage":{"@id":"https:\/\/educa.cedric-dupraz.ch\/?p=1353#webpage"},"isPartOf":{"@id":"https:\/\/educa.cedric-dupraz.ch\/?p=1353#webpage"},"articleSection":"Tricks, Tricks"},{"@type":"BreadcrumbList","@id":"https:\/\/educa.cedric-dupraz.ch\/?p=1353#breadcrumblist","itemListElement":[{"@type":"ListItem","@id":"https:\/\/educa.cedric-dupraz.ch#listItem","position":1,"name":"Home","item":"https:\/\/educa.cedric-dupraz.ch","nextItem":{"@type":"ListItem","@id":"https:\/\/educa.cedric-dupraz.ch\/?cat=2#listItem","name":"Tricks"}},{"@type":"ListItem","@id":"https:\/\/educa.cedric-dupraz.ch\/?cat=2#listItem","position":2,"name":"Tricks","item":"https:\/\/educa.cedric-dupraz.ch\/?cat=2","nextItem":{"@type":"ListItem","@id":"https:\/\/educa.cedric-dupraz.ch\/?p=1353#listItem","name":"Ressources sur la Politique, la citoyennet\u00e9, l&rsquo;\u00c9tat et la d\u00e9mocratie"},"previousItem":{"@type":"ListItem","@id":"https:\/\/educa.cedric-dupraz.ch#listItem","name":"Home"}},{"@type":"ListItem","@id":"https:\/\/educa.cedric-dupraz.ch\/?p=1353#listItem","position":3,"name":"Ressources sur la Politique, la citoyennet\u00e9, l&rsquo;\u00c9tat et la d\u00e9mocratie","previousItem":{"@type":"ListItem","@id":"https:\/\/educa.cedric-dupraz.ch\/?cat=2#listItem","name":"Tricks"}}]},{"@type":"Organization","@id":"https:\/\/educa.cedric-dupraz.ch\/#organization","name":"\u00c9ducation","url":"https:\/\/educa.cedric-dupraz.ch\/","logo":{"@type":"ImageObject","url":"https:\/\/educa.cedric-dupraz.ch\/wp-content\/uploads\/2025\/07\/logo-site.png","@id":"https:\/\/educa.cedric-dupraz.ch\/?p=1353\/#organizationLogo","width":127,"height":29},"image":{"@id":"https:\/\/educa.cedric-dupraz.ch\/?p=1353\/#organizationLogo"}},{"@type":"Person","@id":"https:\/\/educa.cedric-dupraz.ch\/?author=2#author","url":"https:\/\/educa.cedric-dupraz.ch\/?author=2","name":"Dudu2020","image":{"@type":"ImageObject","@id":"https:\/\/educa.cedric-dupraz.ch\/?p=1353#authorImage","url":"https:\/\/secure.gravatar.com\/avatar\/24f762468b417704611fc93ea8c3d296715673199f0f3b5d561cb850e6cc9f2f?s=96&d=mm&r=g","width":96,"height":96,"caption":"Dudu2020"}},{"@type":"WebPage","@id":"https:\/\/educa.cedric-dupraz.ch\/?p=1353#webpage","url":"https:\/\/educa.cedric-dupraz.ch\/?p=1353","name":"Ressources sur la Politique, la citoyennet\u00e9, l\u2019\u00c9tat et la d\u00e9mocratie - \u00c9ducation","description":"Qu'est-ce que la politique ? Premiers hommes, le d\u00e9but de l\u2019Humanit\u00e9, Fr\u00e9d\u00e9ric Vougea et J\u00e9r\u00f4me Guiot, g\u00e9n\u00e9rique, 2016.C\u2019est quoi, la politique ? \u2013 1 jour, 1 question, 2017. Pourquoi des organisations politiques ? Qu\u2019est-ce qu\u2019une monarchie, RTS-d\u00e9couverte, 2013. La s\u00e9paration des pouvoirs, RTS-d\u00e9couverte, 2015 Qu'est-ce que la citoyennet\u00e9 ? Histoire suisse \u2013 \u00e0 quand remonte le","inLanguage":"fr-FR","isPartOf":{"@id":"https:\/\/educa.cedric-dupraz.ch\/#website"},"breadcrumb":{"@id":"https:\/\/educa.cedric-dupraz.ch\/?p=1353#breadcrumblist"},"author":{"@id":"https:\/\/educa.cedric-dupraz.ch\/?author=2#author"},"creator":{"@id":"https:\/\/educa.cedric-dupraz.ch\/?author=2#author"},"datePublished":"2025-08-05T09:15:59+00:00","dateModified":"2026-03-31T20:28:19+00:00"},{"@type":"WebSite","@id":"https:\/\/educa.cedric-dupraz.ch\/#website","url":"https:\/\/educa.cedric-dupraz.ch\/","name":"\u00c9ducation","inLanguage":"fr-FR","publisher":{"@id":"https:\/\/educa.cedric-dupraz.ch\/#organization"}}]},"og:locale":"fr_FR","og:site_name":"\u00c9ducation -","og:type":"article","og:title":"Ressources sur la Politique, la citoyennet\u00e9, l\u2019\u00c9tat et la d\u00e9mocratie - \u00c9ducation","og:description":"Qu'est-ce que la politique ? Premiers hommes, le d\u00e9but de l\u2019Humanit\u00e9, Fr\u00e9d\u00e9ric Vougea et J\u00e9r\u00f4me Guiot, g\u00e9n\u00e9rique, 2016.C\u2019est quoi, la politique ? \u2013 1 jour, 1 question, 2017. Pourquoi des organisations politiques ? Qu\u2019est-ce qu\u2019une monarchie, RTS-d\u00e9couverte, 2013. La s\u00e9paration des pouvoirs, RTS-d\u00e9couverte, 2015 Qu'est-ce que la citoyennet\u00e9 ? Histoire suisse \u2013 \u00e0 quand remonte le","og:url":"https:\/\/educa.cedric-dupraz.ch\/?p=1353","og:image":"https:\/\/educa.cedric-dupraz.ch\/wp-content\/uploads\/2025\/07\/logo-site.png","og:image:secure_url":"https:\/\/educa.cedric-dupraz.ch\/wp-content\/uploads\/2025\/07\/logo-site.png","article:published_time":"2025-08-05T09:15:59+00:00","article:modified_time":"2026-03-31T20:28:19+00:00","twitter:card":"summary_large_image","twitter:title":"Ressources sur la Politique, la citoyennet\u00e9, l\u2019\u00c9tat et la d\u00e9mocratie - \u00c9ducation","twitter:description":"Qu'est-ce que la politique ? Premiers hommes, le d\u00e9but de l\u2019Humanit\u00e9, Fr\u00e9d\u00e9ric Vougea et J\u00e9r\u00f4me Guiot, g\u00e9n\u00e9rique, 2016.C\u2019est quoi, la politique ? \u2013 1 jour, 1 question, 2017. Pourquoi des organisations politiques ? Qu\u2019est-ce qu\u2019une monarchie, RTS-d\u00e9couverte, 2013. La s\u00e9paration des pouvoirs, RTS-d\u00e9couverte, 2015 Qu'est-ce que la citoyennet\u00e9 ? Histoire suisse \u2013 \u00e0 quand remonte le","twitter:image":"https:\/\/educa.cedric-dupraz.ch\/wp-content\/uploads\/2025\/07\/logo-site.png"},"aioseo_meta_data":{"post_id":"1353","title":null,"description":null,"keywords":null,"keyphrases":{"focus":[],"additional":[]},"primary_term":null,"canonical_url":null,"og_title":null,"og_description":null,"og_object_type":"default","og_image_type":"default","og_image_url":null,"og_image_width":null,"og_image_height":null,"og_image_custom_url":null,"og_image_custom_fields":null,"og_video":"","og_custom_url":null,"og_article_section":null,"og_article_tags":null,"twitter_use_og":false,"twitter_card":"default","twitter_image_type":"default","twitter_image_url":null,"twitter_image_custom_url":null,"twitter_image_custom_fields":null,"twitter_title":null,"twitter_description":null,"schema":{"blockGraphs":[],"customGraphs":[],"default":{"data":{"Article":[],"Course":[],"Dataset":[],"FAQPage":[],"Movie":[],"Person":[],"Product":[],"ProductReview":[],"Car":[],"Recipe":[],"Service":[],"SoftwareApplication":[],"WebPage":[]},"graphName":"BlogPosting","isEnabled":true},"graphs":[]},"schema_type":"default","schema_type_options":null,"pillar_content":false,"robots_default":true,"robots_noindex":false,"robots_noarchive":false,"robots_nosnippet":false,"robots_nofollow":false,"robots_noimageindex":false,"robots_noodp":false,"robots_notranslate":false,"robots_max_snippet":"-1","robots_max_videopreview":"-1","robots_max_imagepreview":"large","priority":null,"frequency":"default","local_seo":null,"breadcrumb_settings":null,"limit_modified_date":false,"ai":{"faqs":[],"keyPoints":[],"titles":[],"descriptions":[],"socialPosts":{"email":[],"linkedin":[],"twitter":[],"facebook":[],"instagram":[]}},"created":"2025-08-21 17:54:30","updated":"2026-08-31 16:55:48","seo_analyzer_scan_date":null,"focus_keyword":null,"additional_keywords":null,"truseo_locale":null},"aioseo_breadcrumb":"<div class=\"aioseo-breadcrumbs\"><span class=\"aioseo-breadcrumb\">\n\t\t\t<a href=\"https:\/\/educa.cedric-dupraz.ch\" title=\"Home\">Home<\/a>\n\t\t<\/span><span class=\"aioseo-breadcrumb-separator\">&raquo;<\/span><span class=\"aioseo-breadcrumb\">\n\t\t\t<a href=\"https:\/\/educa.cedric-dupraz.ch\/?cat=2\" title=\"Tricks\">Tricks<\/a>\n\t\t<\/span><span class=\"aioseo-breadcrumb-separator\">&raquo;<\/span><span class=\"aioseo-breadcrumb\">\n\t\t\tRessources sur la Politique, la citoyennet\u00e9, l\u2019\u00c9tat et la d\u00e9mocratie\n\t\t<\/span><\/div>","aioseo_breadcrumb_json":[{"label":"Home","link":"https:\/\/educa.cedric-dupraz.ch"},{"label":"Tricks","link":"https:\/\/educa.cedric-dupraz.ch\/?cat=2"},{"label":"Ressources sur la Politique, la citoyennet\u00e9, l&rsquo;\u00c9tat et la d\u00e9mocratie","link":"https:\/\/educa.cedric-dupraz.ch\/?p=1353"}],"_links":{"self":[{"href":"https:\/\/educa.cedric-dupraz.ch\/index.php?rest_route=\/wp\/v2\/posts\/1353","targetHints":{"allow":["GET"]}}],"collection":[{"href":"https:\/\/educa.cedric-dupraz.ch\/index.php?rest_route=\/wp\/v2\/posts"}],"about":[{"href":"https:\/\/educa.cedric-dupraz.ch\/index.php?rest_route=\/wp\/v2\/types\/post"}],"author":[{"embeddable":true,"href":"https:\/\/educa.cedric-dupraz.ch\/index.php?rest_route=\/wp\/v2\/users\/2"}],"replies":[{"embeddable":true,"href":"https:\/\/educa.cedric-dupraz.ch\/index.php?rest_route=%2Fwp%2Fv2%2Fcomments&post=1353"}],"version-history":[{"count":61,"href":"https:\/\/educa.cedric-dupraz.ch\/index.php?rest_route=\/wp\/v2\/posts\/1353\/revisions"}],"predecessor-version":[{"id":3859,"href":"https:\/\/educa.cedric-dupraz.ch\/index.php?rest_route=\/wp\/v2\/posts\/1353\/revisions\/3859"}],"wp:attachment":[{"href":"https:\/\/educa.cedric-dupraz.ch\/index.php?rest_route=%2Fwp%2Fv2%2Fmedia&parent=1353"}],"wp:term":[{"taxonomy":"category","embeddable":true,"href":"https:\/\/educa.cedric-dupraz.ch\/index.php?rest_route=%2Fwp%2Fv2%2Fcategories&post=1353"},{"taxonomy":"post_tag","embeddable":true,"href":"https:\/\/educa.cedric-dupraz.ch\/index.php?rest_route=%2Fwp%2Fv2%2Ftags&post=1353"}],"curies":[{"name":"wp","href":"https:\/\/api.w.org\/{rel}","templated":true}]}}